{"id":1293,"date":"2013-11-05T10:55:11","date_gmt":"2013-11-05T08:55:11","guid":{"rendered":"http:\/\/b-logos.de\/?p=1293"},"modified":"2013-11-19T23:56:57","modified_gmt":"2013-11-19T21:56:57","slug":"angebliche-telefonseelsorge-des-papstes","status":"publish","type":"post","link":"https:\/\/b-logos.de\/?p=1293","title":{"rendered":"Angebliche Telefonseelsorge des Papstes"},"content":{"rendered":"<p>Angeblich ist mal wieder jemand vom Papst angerufen worden. Da naturgem\u00e4\u00df der Hl. Stuhl keine Angaben \u00fcber seelsorgliche Gespr\u00e4che des Hl. Vaters machen wird, kann jeder alles behaupten. So zum Beispiel <a title=\"Medien: Papst ruft Frau nach Eheannullierung an\" href=\"http:\/\/kath.net\/news\/43567\">dieses<\/a>. Doch:<!--more--><\/p>\n<p>&#8211; Warum soll ein Scheitern einer Ehe ein Grund sein, sich der Kirche fern zu f\u00fchlen? Der Kirche fern f\u00fchlen mag sich jemand, der die Gebote der Kirche oder Gottes bewusst \u00fcbertritt. Das aber ist in diesem Zusammenhang doch nur dann der Fall, wenn man eine neue Verbindung eingeht, bevor die bestehende Ehe annulliert ist.<\/p>\n<p>&#8211; Andere Medien berichten, laut Aussage der Frau habe der Papst sie gebeten, f\u00fcr Geschiedene zu beten. Dabei gibt es im Sinne der Kirche doch gar keine Ehescheidung.<\/p>\n<p>&#8211; Wof\u00fcr soll der Hl. Vater die Dame als mutig bezeichnet haben? Gegen wen soll sie denn mutig vorgegangen sein? Oder soll hier als mutig hingestellt werden, wer trotz noch nicht annullierter, also vermeintlich bestehender Ehe schon eine neue Beziehung eingeht?<\/p>\n<p>&#8211; Soll der Hl. Vater romantisches Gef\u00fchl als Liebe bezeichnet haben statt tapferer Treue und Respekt in widrigen Umst\u00e4nden?<\/p>\n<p>&#8211; Und hat sie bei der jetzt annullierten Eheschlie\u00dfung den Mann nicht geliebt?<\/p>\n<p>&#8211; Und vor allem: warum sollte der Hl. Vater Telefonseelsorge gerade passend zu aktuellen kirchenpolitischen Themen betreiben?<\/p>\n<p>Die Worte, die hier dem Hl. Vater in den Mund gelegt werden, sind f\u00fcr mich weitgehend unglaubw\u00fcrdig. Wie gut, dass kath.net der Artikel\u00fcberschrift vorangestellt hat: &#8222;Medien:&#8230;&#8220;. Radio Vatikan dagegen nimmt die Meldung f\u00fcr <a title=\"Papst ruft Frau mit gescheiterter Ehe an   Dieser Text stammt von der Webseite http:\/\/de.radiovaticana.va\/news\/2013\/11\/04\/papst_ruft_frau_mit_gescheiterter_ehe_an\/ted-743375 des Internetauftritts von Radio Vatikan \" href=\"http:\/\/de.radiovaticana.va\/news\/2013\/11\/04\/papst_ruft_frau_mit_gescheiterter_ehe_an\/ted-743375\">bare M\u00fcnze<\/a>. Das ist das Bedenklichste an der ganzen Angelegenheit.<\/p>\n","protected":false},"excerpt":{"rendered":"<p>Angeblich ist mal wieder jemand vom Papst angerufen worden. Da naturgem\u00e4\u00df der Hl. Stuhl keine Angaben \u00fcber seelsorgliche Gespr\u00e4che des Hl. Vaters machen wird, kann jeder alles behaupten. So zum Beispiel dieses. Doch:<\/p>\n","protected":false},"author":1,"featured_media":0,"comment_status":"open","ping_status":"open","sticky":false,"template":"","format":"standard","meta":{"jetpack_post_was_ever_published":false,"_jetpack_newsletter_access":"","_jetpack_dont_email_post_to_subs":false,"_jetpack_newsletter_tier_id":0,"_jetpack_memberships_contains_paywalled_content":false,"_jetpack_memberships_contains_paid_content":false,"footnotes":"","jetpack_publicize_message":"","jetpack_publicize_feature_enabled":true,"jetpack_social_post_already_shared":false,"jetpack_social_options":{"image_generator_settings":{"template":"highway","default_image_id":0,"font":"","enabled":false},"version":2}},"categories":[],"tags":[],"class_list":["post-1293","post","type-post","status-publish","format-standard","hentry"],"jetpack_publicize_connections":[],"jetpack_featured_media_url":"","jetpack_sharing_enabled":true,"jetpack_shortlink":"https:\/\/wp.me\/pahMNU-kR","_links":{"self":[{"href":"https:\/\/b-logos.de\/index.php?rest_route=\/wp\/v2\/posts\/1293","targetHints":{"allow":["GET"]}}],"collection":[{"href":"https:\/\/b-logos.de\/index.php?rest_route=\/wp\/v2\/posts"}],"about":[{"href":"https:\/\/b-logos.de\/index.php?rest_route=\/wp\/v2\/types\/post"}],"author":[{"embeddable":true,"href":"https:\/\/b-logos.de\/index.php?rest_route=\/wp\/v2\/users\/1"}],"replies":[{"embeddable":true,"href":"https:\/\/b-logos.de\/index.php?rest_route=%2Fwp%2Fv2%2Fcomments&post=1293"}],"version-history":[{"count":4,"href":"https:\/\/b-logos.de\/index.php?rest_route=\/wp\/v2\/posts\/1293\/revisions"}],"predecessor-version":[{"id":1314,"href":"https:\/\/b-logos.de\/index.php?rest_route=\/wp\/v2\/posts\/1293\/revisions\/1314"}],"wp:attachment":[{"href":"https:\/\/b-logos.de\/index.php?rest_route=%2Fwp%2Fv2%2Fmedia&parent=1293"}],"wp:term":[{"taxonomy":"category","embeddable":true,"href":"https:\/\/b-logos.de\/index.php?rest_route=%2Fwp%2Fv2%2Fcategories&post=1293"},{"taxonomy":"post_tag","embeddable":true,"href":"https:\/\/b-logos.de\/index.php?rest_route=%2Fwp%2Fv2%2Ftags&post=1293"}],"curies":[{"name":"wp","href":"https:\/\/api.w.org\/{rel}","templated":true}]}}