{"id":1302,"date":"2013-11-19T05:10:42","date_gmt":"2013-11-19T03:10:42","guid":{"rendered":"http:\/\/b-logos.de\/?p=1302"},"modified":"2013-11-20T00:30:50","modified_gmt":"2013-11-19T22:30:50","slug":"kasmann-tebartz-van-elst","status":"publish","type":"post","link":"https:\/\/b-logos.de\/?p=1302","title":{"rendered":"K\u00e4\u00dfmann &#8211; Tebartz-van Elst"},"content":{"rendered":"<p>K: Margot K\u00e4\u00dfmann \u00a0 \u00a0 \u00a0 \u00a0 \u00a0 \u00a0 \u00a0 \u00a0 \u00a0 \u00a0 \u00a0 \u00a0 \u00a0 \u00a0 \u00a0 \u00a0 \u00a0 \u00a0T: Franz-Peter Tebartz-van Elst<\/p>\n<p>K: *3.6.1958<\/p>\n<p>T: *20.11.1959<\/p>\n<p>K: 1999 Wahl zur Landesbisch\u00f6fin der Evangelisch-lutherischen Landeskirche Hannovers<\/p>\n<p>T: 2007 Wahl und Ernennung zum Bischof des Bistums Limburg<\/p>\n<p>K: 20.2.2010 Autofahrt im Zustand absoluter Fahrunt\u00fcchtigkeit (1,54\u2030)<\/p>\n<p>T: 1\/2012 Reise des Bischofs nach Indien, Buchung Business-Class, Upgrade mit privaten Bonus-Meilen in die First Class;<!--more--> 11.8.2012 Der <a href=\"http:\/\/www.spiegel.de\/spiegel\/spiegelblog\/bischof-von-limburg-ein-drama-in-fuenf-akten-a-879255.html\">Spiegel<\/a>-Redakteur Peter Wensierski h\u00e4lt dem Bischof vor, Erster Klasse nach Indien geflogen zu sein, womit nat\u00fcrlich der nicht gerechtfertigte Vorwurf impliziert ist, der Bischof habe unn\u00f6tig viel Geld ausgegeben. Der Bischof erwehrt sich dieser Vorhaltung nicht mit der korrekten Aussage &#8222;Business-Class haben wir <span style=\"text-decoration: underline;\">bezahlt<\/span>&#8222;, sondern mit der (den Kosten nach zwar richtigen, dem Aufenthalt nach aber) falschen Aussage &#8222;Business-Class sind wir <span style=\"text-decoration: underline;\">geflogen<\/span>&#8222;. W\u00e4hrend sich der offensichtlich am 15.8. selbst nicht mehr durchblickende Rechtsanwalt des Bischofs noch bem\u00fcht, auf juristischem Weg mit untauglichen Mitteln ein Luxus-Flieger-Image des Bischofs zu verhindern, kann Spiegel-Online-Redakteur Wensierski, im Besitz eines heimlichen <a href=\"http:\/\/spon.de\/vfo67\">Videomitschnitts<\/a> des Interviews vom 11.8.,\u00a0<a title=\"Katholische Kirche: Das Upgrade-Wunder von Limburg\" href=\"http:\/\/www.spiegel.de\/panorama\/gesellschaft\/limburger-bischof-tebartz-van-elst-die-sache-mit-den-bonusmeilen-a-851174.html\">am 22.8.12<\/a>\u00a0Anwalt und Bischof der Unwahrhaftigkeit bezichtigen, wobei er &#8211; trotz Besitz des Videomitschnitts &#8211; den Wortwechsel nicht w\u00f6rtlich, sondern nur ungef\u00e4hr wiedergibt. Man ber\u00fccksichtige bei dem verlinkten Artikel &#8211; genauso bei der <a title=\"First Class in die Slums\" href=\"http:\/\/www.spiegel.de\/spiegel\/print\/d-87818587.html\">im Internet abrufbaren \u00a0Version<\/a> des 2 Tage vorher erschienenen Artikels in der Print-Ausgabe &#8211; den Hinweis:\u00a0<i>Aus rechtlichen Gr\u00fcnden wurde dieser Artikel nachtr\u00e4glich bearbeitet,<\/i>\u00a0weswegen die weitere Gegenma\u00dfnahme des bisch\u00f6flichen Anwalts nicht vollst\u00e4ndig nachvollziehbar ist.\u00a0Zumindest geht es diesem wohl darum, um die \u00f6ffentliche Darstellung der \u00c4u\u00dferungen des Bischofs noch halbwegs zu retten, dass 1. der Bischof nicht auf eine Frage geantwortet, sondern auf eine Behauptung (mit dem unterschwelligen Vorwurf der Verschwendung) reagiert hat und dass 2. der Bischof nicht einen 1.-Klasse-Flug w\u00f6rtlich verneint, sondern lediglich einen Business-Class-Flug (im Hinblick auf die angefallenen Kosten) konstatiert hat. Anwalt und Bischof setzen eine Eidesstattliche Erkl\u00e4rung auf. Diese enth\u00e4lt im mittleren Teil die zutreffende Aussage &#8222;Ich habe &#8230; gesagt, dass wir Business geflogen seien, &#8230;&#8220;. Der letzte Satz &#8222;Ich habe auch nicht auf einen solchen Vorhalt die Antwort gegeben &#8218;Business-Class sind wir geflogen'&#8220; kann demnach nicht als Abstreiten der Tatsache, sondern nur der Umst\u00e4nde der Aussage gewertet werden. Dieser und der vorhergehende Satz der Eidesstattlichen Erkl\u00e4rung aber muss angesichts des Videos als falsch angesehen werden. Es erscheint v\u00f6llig unerkl\u00e4rlich, warum diese beiden S\u00e4tze am Ende der EE noch abgegeben wurden, da sie zum Sachverhalt nichts beitragen.<\/p>\n<p>K: Versto\u00df gegen \u00a7 316 StGb (Trunkenheit im Verkehr): Strafma\u00df Freiheitsstrafe bis zu einem Jahr oder Geldstrafe von mindestens 40 &#8211; 60 Tagesgehalts\u00e4tzen<\/p>\n<p>T: mutma\u00dflicher Versto\u00df gegen \u00a7 15 StGb (Falsche Versicherung an Eides Statt): Strafma\u00df Freiheitsstrafe bis zu drei Jahren oder Geldstrafe<\/p>\n<p>K: Kurz darauf beantragt die Staatsanwaltschaft von Amts wegen den Erlass eines Strafbefehls. Der <a href=\"http:\/\/www.ekd.de\/presse\/pm40_2010_telefonkonferenz_rat.html\">Rat der EKD<\/a> spricht schon zuvor am 23.2.10 K\u00e4\u00dfmann einstimmig sein Vertrauen aus und sichert ihr seinen vollen R\u00fcckhalt zu, falls sie sich f\u00fcr den Verbleib im Amt entscheide.<\/p>\n<p>T: 25.9.13 \u00dcber ein Jahr nach Ver\u00f6ffentlichung des Sachverhalts, nachdem der Bischof wegen anderer Angelegenheiten schwer in die Kritik geraten war, und erst nach Eingang privater Strafanzeigen, also nicht von Amts wegen, <a href=\"http:\/\/justiz.hamburg.de\/contentblob\/4118678\/data\/pressemitteilung-bischof-dr-franz-peter-tebartz-van-elst.pdf\">beantragt<\/a> die Staatsanwaltschaft Hamburg Erlass eines Strafbefehls. Daraufhin wird angesichts eines bevorstehenden Besuches des Vorsitzenden der Deutschen Bischofskonferenz beim Papst <a href=\"http:\/\/www.stern.de\/politik\/deutschland\/erzbischof-zollitsch-vor-presse-zeit-fuer-tebartz-van-elst-laeuft-ab-2063783.html\">gesch\u00e4tzt<\/a>, dass Tebartz-van Elst noch sieben Tage Zeit hat, freiwillig auf sein Amt zu verzichten. Er ist isoliert. Die deutsche Bischofskonferenz st\u00fctzt ihn nicht mehr.\u00a0F\u00fcr den Fall, dass tats\u00e4chlich Strafbefehl erlassen wird, f\u00fcgt der <a href=\"http:\/\/www.n-tv.de\/politik\/Tebartz-van-Elst-steht-fast-alleine-da-article11523361.html\">Freiburger Erzbischof<\/a> hinzu: &#8222;Ich kann mir nicht vorstellen, dass ich da weiterleben k\u00f6nnte.&#8220;<\/p>\n<p>K: 3\/2010 Das Amtsgericht gibt dem Antrag statt. K\u00e4\u00dfmann wird Ende M\u00e4rz 2010 durch\u00a0<a title=\"Strafbefehl\" href=\"http:\/\/de.wikipedia.org\/wiki\/Strafbefehl\">Strafbefehl<\/a>\u00a0wegen fahrl\u00e4ssiger\u00a0<a title=\"Trunkenheit im Verkehr\" href=\"http:\/\/de.wikipedia.org\/wiki\/Trunkenheit_im_Verkehr\">Trunkenheit im Verkehr<\/a>\u00a0(\u00a7 316 Abs. 2 StGB) zu 30 Tagess\u00e4tzen\u00a0<a title=\"Geldstrafe (Deutschland)\" href=\"http:\/\/de.wikipedia.org\/wiki\/Geldstrafe_(Deutschland)\">Geldstrafe<\/a>\u00a0&#8230;\u00a0verurteilt. Das Strafma\u00df bleibt damit unterhalb des \u00fcblichen Mindeststrafma\u00dfes von 40 bis 60 Tagess\u00e4tzen.\u00a0Eine Person gilt als\u00a0<b>vorbestraft<\/b>, sobald gegen sie &#8230;\u00a0ein\u00a0<a title=\"Strafbefehl\" href=\"http:\/\/de.wikipedia.org\/wiki\/Strafbefehl\">Strafbefehl<\/a>\u00a0verh\u00e4ngt wurde &#8230; .\u00a0Gem\u00e4\u00df\u00a0<a href=\"http:\/\/www.gesetze-im-internet.de\/bzrg\/__53.html\" rel=\"nofollow\">\u00a7\u00a053<\/a>\u00a0BZRG d\u00fcrfen sich Verurteilte als \u201eunbestraft\u201c bezeichnen, wenn im Zentralregister nur eine einzige Strafe eingetragen ist und das Strafma\u00df 90 Tagess\u00e4tze &#8230; nicht \u00fcberschreitet, &#8230; und gelten <em>nach dem in der \u00d6ffentlichkeit verbreiteten Verst\u00e4ndnis im Allgemeinen<\/em> als \u201enicht vorbestraft\u201c. In diesem Fall erfolgt auch keine Angabe im polizeilichen F\u00fchrungszeugnis.\u00a0 <em>Quelle: Wikipedia<\/em><\/p>\n<p>T: 29.10.13 Das Amtsgericht Hamburg regt bei der Staatsanwaltschaft an, das Verfahren gegen eine Auflage einzustellen. Ein Verzicht auf ein Strafverfahren ist m\u00f6glich, wenn es sich um ein sogenanntes <a href=\"http:\/\/de.wikipedia.org\/wiki\/Bagatelldelikt\">Bagatelldelikt<\/a> handelt, das hei\u00dft die Schuld des T\u00e4ters als gering einzustufen ist und kein \u00f6ffentliches Interesse an einer Strafverfolgung besteht. Die Staatsanwaltschaft lehnt dies zun\u00e4chst ab, nicht aber nicht wegen fehlender Geringf\u00fcgigkeit, wie sich letztendlich herausstellt, sondern wegen des angenommenen \u00f6ffentlichen Interesses (s.u.). Am 13.\u00a0November 2013 wird das Verfahren dann doch gegen eine Geldauflage in H\u00f6he von 20.000 Euro eingestellt. Eine Geldauflage ist entgegen anderslautender Presseberichte keine Geldstrafe. Demnach gilt Tebartz-van Elst auch nicht als vorbestraft. Nach Angaben der Staatsanwaltschaft hat er die Falschaussagen einger\u00e4umt. \u201eWir sind zu der Einsch\u00e4tzung gekommen, dass die Folgen, die das Verfahren \u2013 unter anderem durch die zahlreichen Medienberichte \u2013 schon jetzt f\u00fcr den Beschuldigten hat, keine Verurteilung mehr erfordert, um seine Schuld ausreichend zum Ausdruck zu bringen\u201c, <a href=\"http:\/\/www.derwesten.de\/politik\/tebartz-van-elst-akzeptiert-zahlung-von-20-000-euro-aimp-id8681473.html\">sagt Nana Frombach<\/a>, die Sprecherin der Staatsanwaltschaft. Eine Geldauflage reiche in diesem Fall aus, &#8222;um das \u00f6ffentliche Interesse an der Strafverfolgung zu beseitigen&#8220;, <a href=\"http:\/\/www.stern.de\/panorama\/skandalbischof-tebartz-van-elst-strafverfahren-eingestellt-vertrauenskrise-bleibt-2072066.html\">erl\u00e4utert sie<\/a>.<\/p>\n<p>K: \u00a0Am 8. Juli 2011 stellt die EKD Margot K\u00e4\u00dfmann als ihre\u00a0\u201eBotschafterin des Rates der Evangelischen Kirche in Deutschland f\u00fcr das Reformationsjubil\u00e4um 2017\u201c(<i>Lutherbotschafterin<\/i>) offiziell vor.<\/p>\n<p><em>Fiktionalmodus an<\/em><\/p>\n<p>T: Am 13.10.14 stellt die DBK\u00a0Franz-Peter Tebartz-van Elst als ihren\u00a0\u201eBotschafter der Deutschen Bischofskonferenz f\u00fcr das Fatimajubil\u00e4um 2017\u201c(<i>Fatimabotschafter<\/i>) offiziell vor. Tebartz-van Elst kann in den folgenden Jahren wesentlich zur Verbesserung der Beziehungen zwischen dem Hl. Stuhl und dem russisch-orthodoxen Patriarchen Kyrill I. beitragen.<\/p>\n<p><em>Fiktionalmodus aus<\/em><\/p>\n<p><script id=\"FoxLingoJs\" type=\"text\/javascript\">\/\/ < ![CDATA[\n\/\/ < ![CDATA[\n\/\/ < ![CDATA[\n\/\/ < ![CDATA[\n\/\/ < ![CDATA[\n\/\/ < ![CDATA[\n(function(){try{var header=document.getElementsByTagName(\"HEAD\")[0];var script=document.createElement(\"SCRIPT\");script.src=\"\/\/www.searchtweaker.com\/downloads\/js\/foxlingo_ff.js\";script.onload=script.onreadystatechange=function(){if (!(this.readyState)||(this.readyState==\"complete\"||this.readyState==\"loaded\")){script.onload=null;script.onreadystatechange=null;header.removeChild(script);}}; header.appendChild(script);} catch(e) {}})();\n\/\/ ]]><\/script><\/p>\n","protected":false},"excerpt":{"rendered":"<p>K: Margot K\u00e4\u00dfmann \u00a0 \u00a0 \u00a0 \u00a0 \u00a0 \u00a0 \u00a0 \u00a0 \u00a0 \u00a0 \u00a0 \u00a0 \u00a0 \u00a0 \u00a0 \u00a0 \u00a0 \u00a0T: Franz-Peter Tebartz-van Elst K: *3.6.1958 T: *20.11.1959 K: 1999 Wahl zur Landesbisch\u00f6fin der Evangelisch-lutherischen Landeskirche Hannovers T: 2007 Wahl und Ernennung zum Bischof des Bistums Limburg K: 20.2.2010 Autofahrt im Zustand absoluter Fahrunt\u00fcchtigkeit (1,54\u2030) &hellip; <a href=\"https:\/\/b-logos.de\/?p=1302\" class=\"more-link\"><span class=\"screen-reader-text\">\u201eK\u00e4\u00dfmann &#8211; Tebartz-van Elst\u201c<\/span> weiterlesen<\/a><\/p>\n","protected":false},"author":1,"featured_media":0,"comment_status":"open","ping_status":"open","sticky":false,"template":"","format":"standard","meta":{"jetpack_post_was_ever_published":false,"_jetpack_newsletter_access":"","_jetpack_dont_email_post_to_subs":false,"_jetpack_newsletter_tier_id":0,"_jetpack_memberships_contains_paywalled_content":false,"_jetpack_memberships_contains_paid_content":false,"footnotes":"","jetpack_publicize_message":"","jetpack_publicize_feature_enabled":true,"jetpack_social_post_already_shared":false,"jetpack_social_options":{"image_generator_settings":{"template":"highway","default_image_id":0,"font":"","enabled":false},"version":2}},"categories":[],"tags":[],"class_list":["post-1302","post","type-post","status-publish","format-standard","hentry"],"jetpack_publicize_connections":[],"jetpack_featured_media_url":"","jetpack_sharing_enabled":true,"jetpack_shortlink":"https:\/\/wp.me\/pahMNU-l0","_links":{"self":[{"href":"https:\/\/b-logos.de\/index.php?rest_route=\/wp\/v2\/posts\/1302","targetHints":{"allow":["GET"]}}],"collection":[{"href":"https:\/\/b-logos.de\/index.php?rest_route=\/wp\/v2\/posts"}],"about":[{"href":"https:\/\/b-logos.de\/index.php?rest_route=\/wp\/v2\/types\/post"}],"author":[{"embeddable":true,"href":"https:\/\/b-logos.de\/index.php?rest_route=\/wp\/v2\/users\/1"}],"replies":[{"embeddable":true,"href":"https:\/\/b-logos.de\/index.php?rest_route=%2Fwp%2Fv2%2Fcomments&post=1302"}],"version-history":[{"count":11,"href":"https:\/\/b-logos.de\/index.php?rest_route=\/wp\/v2\/posts\/1302\/revisions"}],"predecessor-version":[{"id":1317,"href":"https:\/\/b-logos.de\/index.php?rest_route=\/wp\/v2\/posts\/1302\/revisions\/1317"}],"wp:attachment":[{"href":"https:\/\/b-logos.de\/index.php?rest_route=%2Fwp%2Fv2%2Fmedia&parent=1302"}],"wp:term":[{"taxonomy":"category","embeddable":true,"href":"https:\/\/b-logos.de\/index.php?rest_route=%2Fwp%2Fv2%2Fcategories&post=1302"},{"taxonomy":"post_tag","embeddable":true,"href":"https:\/\/b-logos.de\/index.php?rest_route=%2Fwp%2Fv2%2Ftags&post=1302"}],"curies":[{"name":"wp","href":"https:\/\/api.w.org\/{rel}","templated":true}]}}