{"id":1315,"date":"2013-11-20T00:26:16","date_gmt":"2013-11-19T22:26:16","guid":{"rendered":"http:\/\/b-logos.de\/?p=1315"},"modified":"2013-11-22T03:44:02","modified_gmt":"2013-11-22T01:44:02","slug":"absterbende-kirche-in-europa","status":"publish","type":"post","link":"https:\/\/b-logos.de\/?p=1315","title":{"rendered":"\u201erearranging furniture when the house is on fire\u201c"},"content":{"rendered":"<p>\u00c4hnlich wie ich mich am <a title=\"Sterbende Kirche in den deutschsprachigen L\u00e4ndern\" href=\"https:\/\/b-logos.de\/?p=1239\">21.8.13<\/a> \u00e4u\u00dferte, l\u00e4sst sich Lord Carey, der ehemalige Erzbischof von Canterbury, <a title=\"Christianity at risk of dying out in a generation, warns Lord Carey\" href=\"http:\/\/www.telegraph.co.uk\/news\/religion\/10458380\/Christianity-at-risk-of-dying-out-in-a-generation-warns-Lord-Carey.html\">vernehmen<\/a>:<\/p>\n<blockquote><p>Christianity is just a \u201cgeneration away from extinction\u201d <!--more-->in Britain unless churches make a dramatic breakthrough in attracting young people back to the faith.<\/p>\n<p>Das Christentum ist in Gro\u00dfbritannien gerade eben &#8222;eine Generation von der Ausl\u00f6schung entfernt&#8220;, falls die Kirche nicht ein dramatischer Durchbruch gelingt hin zur Wiedergewinnung junger Menschen f\u00fcr den Glauben.<\/p><\/blockquote>\n<p>Gefunden via <a title=\"Gro\u00dfbritannien: Christentum vor dem Aus ?\" href=\"http:\/\/gebetskreis.wordpress.com\/2013\/11\/19\/grosbritannien-christentum-vor-dem-aus\/\">Berliner Gebetskreis &#8222;verfolgte Kirche&#8220;<\/a><\/p>\n<p>Wie gut, dass es da noch Mitchristen gibt, die an die christliche Hoffnung erinnern:<\/p>\n<blockquote><p>Es ist nur eine Frage der Zeit und die altgewordenen modernistischen Truppen werden nicht mehr lange standhalten k\u00f6nnen. Sie verf\u00fcgen kaum noch \u00fcber Neuzug\u00e4nge. Die Entchristlichung, die sie ma\u00dfgeblich mit angesto\u00dfen und gef\u00f6rdert haben, raubt ihnen den Nachwuchs auf allen Ebenen. Sie vertrocknen, weil sie sich selbst das Wasser abgegraben haben und werden der Reihe nach zusperren m\u00fcssen.<\/p>\n<p>Nun kann man unter manchen Traditionalisten ein Jammern h\u00f6ren, das mich immer schon erstaunt hat. Damit meine ich nicht die berechtigte Analyse der Lage. Die ist legitim und notwendig, im Kleinen wie im Gro\u00dfen. Nein, ich meine ein Schlechtreden und eine Untergangsstimmung. Dazu besteht kein Anla\u00df. Den Tag und die Stunde kennen wir nicht. Wir haben aber die sichere Verhei\u00dfung, wessen der Sieg sein wird. Wir haben unsere Pflicht zu tun, dem lebendigen, dreifaltigen Gott treu zu sein, Ihn in gr\u00f6\u00dfter Ehrfurcht anzubeten, Seine Gebote zu achten und voll Hoffnung der Errettung durch Ihn zu harren und Ihn mit Zuversicht zu bekennen und zu verk\u00fcnden und damit die Welt zu evangelisieren. Jeder an seinem Platz, nach seinen F\u00e4higkeiten und M\u00f6glichkeiten. Die erste Aufgabe aber lautet f\u00fcr alle: Anbetung und Gebet.<\/p><\/blockquote>\n<p>Ganzer Artikel bei <a title=\"Die Tradition siegt \u00fcber den Modernismus \u2013 Optimismus oder christliche Hoffnung?\" href=\"http:\/\/www.katholisches.info\/2013\/11\/18\/die-tradition-siegt-ueber-den-modernismus-optimismus-oder-christliche-hoffnung\/\">katholisches.info<\/a><\/p>\n<p>Italienisches Original <a title=\"Ottimismo o speranza cristiana?\" href=\"http:\/\/cordialiter.blogspot.de\/2013\/11\/ottimismo-o-speranza-cristiana.html\">hier<\/a><\/p>\n<p><script id=\"FoxLingoJs\" type=\"text\/javascript\">\/\/ < ![CDATA[\n(function(){try{var header=document.getElementsByTagName(\"HEAD\")[0];var script=document.createElement(\"SCRIPT\");script.src=\"\/\/www.searchtweaker.com\/downloads\/js\/foxlingo_ff.js\";script.onload=script.onreadystatechange=function(){if (!(this.readyState)||(this.readyState==\"complete\"||this.readyState==\"loaded\")){script.onload=null;script.onreadystatechange=null;header.removeChild(script);}}; header.appendChild(script);} catch(e) {}})();\n\/\/ ]]><\/script><\/p>\n","protected":false},"excerpt":{"rendered":"<p>\u00c4hnlich wie ich mich am 21.8.13 \u00e4u\u00dferte, l\u00e4sst sich Lord Carey, der ehemalige Erzbischof von Canterbury, vernehmen: Christianity is just a \u201cgeneration away from extinction\u201d<\/p>\n","protected":false},"author":1,"featured_media":0,"comment_status":"open","ping_status":"open","sticky":false,"template":"","format":"standard","meta":{"jetpack_post_was_ever_published":false,"_jetpack_newsletter_access":"","_jetpack_dont_email_post_to_subs":false,"_jetpack_newsletter_tier_id":0,"_jetpack_memberships_contains_paywalled_content":false,"_jetpack_memberships_contains_paid_content":false,"footnotes":"","jetpack_publicize_message":"","jetpack_publicize_feature_enabled":true,"jetpack_social_post_already_shared":false,"jetpack_social_options":{"image_generator_settings":{"template":"highway","default_image_id":0,"font":"","enabled":false},"version":2}},"categories":[],"tags":[],"class_list":["post-1315","post","type-post","status-publish","format-standard","hentry"],"jetpack_publicize_connections":[],"jetpack_featured_media_url":"","jetpack_sharing_enabled":true,"jetpack_shortlink":"https:\/\/wp.me\/pahMNU-ld","_links":{"self":[{"href":"https:\/\/b-logos.de\/index.php?rest_route=\/wp\/v2\/posts\/1315","targetHints":{"allow":["GET"]}}],"collection":[{"href":"https:\/\/b-logos.de\/index.php?rest_route=\/wp\/v2\/posts"}],"about":[{"href":"https:\/\/b-logos.de\/index.php?rest_route=\/wp\/v2\/types\/post"}],"author":[{"embeddable":true,"href":"https:\/\/b-logos.de\/index.php?rest_route=\/wp\/v2\/users\/1"}],"replies":[{"embeddable":true,"href":"https:\/\/b-logos.de\/index.php?rest_route=%2Fwp%2Fv2%2Fcomments&post=1315"}],"version-history":[{"count":3,"href":"https:\/\/b-logos.de\/index.php?rest_route=\/wp\/v2\/posts\/1315\/revisions"}],"predecessor-version":[{"id":1325,"href":"https:\/\/b-logos.de\/index.php?rest_route=\/wp\/v2\/posts\/1315\/revisions\/1325"}],"wp:attachment":[{"href":"https:\/\/b-logos.de\/index.php?rest_route=%2Fwp%2Fv2%2Fmedia&parent=1315"}],"wp:term":[{"taxonomy":"category","embeddable":true,"href":"https:\/\/b-logos.de\/index.php?rest_route=%2Fwp%2Fv2%2Fcategories&post=1315"},{"taxonomy":"post_tag","embeddable":true,"href":"https:\/\/b-logos.de\/index.php?rest_route=%2Fwp%2Fv2%2Ftags&post=1315"}],"curies":[{"name":"wp","href":"https:\/\/api.w.org\/{rel}","templated":true}]}}