{"id":1319,"date":"2013-11-22T03:38:10","date_gmt":"2013-11-22T01:38:10","guid":{"rendered":"http:\/\/b-logos.de\/?p=1319"},"modified":"2018-07-24T09:11:06","modified_gmt":"2018-07-24T09:11:06","slug":"autonome-episkopale-gruppen","status":"publish","type":"post","link":"https:\/\/b-logos.de\/?p=1319","title":{"rendered":"Autonome episkopale Gruppen"},"content":{"rendered":"<p>Als <b>Autonome Episkopen<\/b> (deutsch: selbstgesetzliche Bisch\u00f6fe, von <a title=\"Altgriechische Sprache\" href=\"http:\/\/de.wikipedia.org\/wiki\/Altgriechische_Sprache\">altgriechisch<\/a>: \u03b1\u1f50\u03c4\u03cc\u03c2 <i>autos<\/i> (selbst) und \u03bd\u03cc\u03bc\u03bf\u03c2 <i><a title=\"Nomos (Antike)\" href=\"http:\/\/de.wikipedia.org\/wiki\/Nomos_%28Antike%29\">Nomos<\/a><\/i> (Gesetz)) oder <b>autonome episkopale Gruppen<\/b> werden heute Mitglieder bestimmter <a title=\"Anarchismus\" href=\"http:\/\/de.wikipedia.org\/wiki\/Anarchismus\">antihierarchischer<\/a> Bewegungen im hohen Klerus bezeichnet. Weitere Synonyme: <strong>Autonome <a title=\"Der Begriff Antipa ist ein etwa seit Anfang der 1980er Jahre wieder verbreitetes Akronym der Begriffe Antipapismus und Antipapistische Aktion\" href=\"http:\/\/www.stupidedia.org\/stupi\/Antifa\">Antipa<\/a><\/strong> oder<strong> Antipapa<\/strong>.<!--more--><\/p>\n<p>Autonome episkopale <a title=\"Soziale Gruppe\" href=\"http:\/\/de.wikipedia.org\/wiki\/Soziale_Gruppe\">Gruppen<\/a> sind in <a title=\"Affinity Group\" href=\"http:\/\/de.wikipedia.org\/wiki\/Affinity_Group\">Bezugsgruppen<\/a> organisiert. Untereinander bestehen lose Verbindungen und <a title=\"Netzwerk\" href=\"http:\/\/de.wikipedia.org\/wiki\/Netzwerk\">Netzwerke<\/a>. Die Autonomen Episkopen streben danach, auch unabh\u00e4ngig vom bestehenden <a title=\"Codex Iuris Canonici\" href=\"http:\/\/de.wikipedia.org\/wiki\/Codex_Iuris_Canonici\">Codex Iuris Canonici<\/a>, selbstbestimmte Freir\u00e4ume zu schaffen. Im Allgemeinen verfolgen sie antiautorit\u00e4re, antimatrimoniale (<em>matrimonium<\/em>, lat.: <em>Ehe<\/em>, <a title=\"Althochdeutsch\" href=\"http:\/\/de.wikipedia.org\/wiki\/Althochdeutsch\">althochdeutsch<\/a> f\u00fcr \u201eEwigkeit, Recht, Gesetz\u201c), anarchosynodikal\u00e4re* und dem Antihierarchismus nahestehende <a title=\"Ideal (Philosophie)\" href=\"http:\/\/de.wikipedia.org\/wiki\/Ideal_%28Philosophie%29\">Ideale<\/a>. (*Anarchosynodikalismus bezeichnet Organisierung von <a title=\"Lohnarbeit\" href=\"http:\/\/de.wikipedia.org\/wiki\/Lohnarbeit\">Kirchensteuerbeg\u00fcnstigten<\/a>, basierend auf den Prinzipien von <a title=\"Selbstbestimmung\" href=\"http:\/\/de.wikipedia.org\/wiki\/Selbstbestimmung\">Selbstbestimmung<\/a>, <a title=\"Selbstorganisation\" href=\"http:\/\/de.wikipedia.org\/wiki\/Selbstorganisation\">Selbstorganisation<\/a> und <a title=\"Solidarit\u00e4t\" href=\"http:\/\/de.wikipedia.org\/wiki\/Solidarit%C3%A4t\">Solidarit\u00e4t<\/a>. Ideengeschichtlich stellt der Anarchosynodikalismus eine Erg\u00e4nzung des <a title=\"Anarchismus\" href=\"http:\/\/de.wikipedia.org\/wiki\/Anarchismus\">Antihierarchismus<\/a> um den <a title=\"Syndikalismus\" href=\"http:\/\/de.wikipedia.org\/wiki\/Syndikalismus\">revolution\u00e4ren Synodikalismus<\/a> dar.)<\/p>\n<p>Von der <a title=\"Staatsschutz\" href=\"http:\/\/de.wikipedia.org\/wiki\/Staatsschutz\">Hl. Inquisition<\/a> wurden autonome episkopale Gruppen in der Regel als <a title=\"Schisma\" href=\"http:\/\/de.wikipedia.org\/wiki\/Schisma\">schismatisch<\/a> eingestuft.<\/p>\n<p><strong>Geschichte<\/strong><\/p>\n<p>Autonomen Episkopalismus im weiteren Sinne hat es zu allen Zeiten der Kirchengeschichte gegeben. Als autonomer Episkopalismus im engeren Sinne wird jedoch eine Bewegung bezeichnet, die im Rahmen der\u00a0<a title=\"68er-Bewegung\" href=\"http:\/\/de.wikipedia.org\/wiki\/68er-Bewegung\">68er-Bewegung<\/a> in den deutschsprachigen L\u00e4ndern ihren Anfang nahm. Als Gr\u00fcndungsmanifeste gelten die Erkl\u00e4rungen\u00a0von <a href=\"http:\/\/de.wikipedia.org\/wiki\/Mariatroster_Erkl%C3%A4rung\">Maria-Prost<\/a>, <a href=\"http:\/\/www.google.de\/url?sa=t&amp;rct=j&amp;q=&amp;esrc=s&amp;source=web&amp;cd=5&amp;ved=0CE0QFjAE&amp;url=http%3A%2F%2Fwww.kathpedia.com%2Findex.php%3Ftitle%3DK%25C3%25B6nigsteiner_Erkl%25C3%25A4rung&amp;ei=84qOUs30OIrctAbZpIDYCg&amp;usg=AFQjCNGSt0q61E6Yi66IZ5wVqlSd9KQokA&amp;bvm=bv.56988011,d.Yms&amp;cad=rja\">k\u00f6nig-klein<\/a> und <a title=\"Die Erkl\u00e4rungen von Mariatrost, K\u00f6nigstein und Solothurn korrigieren!\" href=\"http:\/\/katholisch-informiert.ch\/2012\/04\/die-erklarungen-von-mariatrost-konigstein-und-solothurn-korrigieren\/\">Solo-Tum<\/a>. (<em>Maria-Prost<\/em> bedeutet soviel wie Demut-Tsch\u00fcss, <em>k\u00f6nig-klein<\/em> ist das Codewort f\u00fcr die Vereinbarung, liturgische Formeln von der \u201eHerrschaft\u201c Christi zu abzuschaffen, <em>Solo-Tum<\/em> bezeichnet die Absicht, Selbstverwirklichung und Single-Dasein in der Kirche akzeptabel zu machen.)<\/p>\n<p>Beispielhaft ist eine s\u00fcdwestdeutsche (Mainz\/Freiburg\/Rottenburg-Stuttgart) autonome episkopale <a title=\"Der Begriff Soziale Gruppe bezeichnet eine Sammlung von mindestens drei Personen.\" href=\"http:\/\/de.wikipedia.org\/wiki\/Soziale_Gruppe\">Gruppe<\/a>, die am 10.7.1993 mit einem antimatrimonialen Vorsto\u00df offen auftrat, welcher vom Leiter der Glaubenskongregation als im Widerspruch zur katholischen Lehre stehend abgewiesen wurde.<\/p>\n<p>Ein weiteres Beispiel f\u00fcr konzertierte autonome Aktionen waren Sitzblockaden gegen Versuche Roms, <a title=\"Revisionismus\" href=\"http:\/\/de.wikipedia.org\/wiki\/Revisionismus\">revisionistische<\/a> Wandlungsworte gegen die <a title=\"Die ... Str\u00f6mungen der politischen Linken eint ..., dass sie von einer Gleichheit der Menschen ausgehen\" href=\"http:\/\/de.wikipedia.org\/wiki\/Politische_Linke\">politische Linke<\/a> durchzusetzen.<\/p>\n<p><strong>Aktuelle Ereignisse<br \/>\n<\/strong><\/p>\n<p>In j\u00fcngster Zeit wandte ein Ordinarius,\u00a0erneut von Freiburg, das politische Prinzip der <a title=\"Direkte Aktion ist essentiell als Aktionsform von Autonomen, Anarchisten und Anarchosyndikalisten, die den Prinzipien Selbstorganisation und Herrschaftslosigkeit gerecht werden soll. Seit 1968 werden mit dem Begriff der direkten Aktion oftmals alle Aktionen verstanden, die praktisch und militant sind.\" href=\"http:\/\/de.wikipedia.org\/wiki\/Direkte_Aktion\">Direkten Aktion<\/a> an und lie\u00df eine \u201epastorale\u201c Handreichung herausgeben, mit der er rechtzeitig vor Entstehung einer ergebnisoffenen innerkirchlichen Diskussion \u00fcber Christi Unaufl\u00f6slichkeitsgebot f\u00fcr sein Erzbistum vollendete Tatsachen schuf.\u00a0 Die Vereinigung (gemeint ist: sozial) kath. Priester und ihrer Frauen (Untertitel: Ansprechpartner f\u00fcr alle vom Z\u00f6libat betroffenen Priester &#8230;) <a title=\"Wiederverheiratet Geschiedene werden zu den Sakramenten zugelassen\" href=\"http:\/\/www.vkpf.de\/nachrichten\/188-wiederverheiratet-geschiedene-werden-zu-den-sakramenten-zugelassen\">meldete<\/a> am 8.10.2013, damit sei der Vorsto\u00df vom 10.7.1993 \u201esozusagen auf p\u00e4pstliches Gehei\u00df rehabilitiert\u201c. Schl\u00fcsselbegriff der Meldung war\u00a0<em>GEWISSEN<\/em>, insofern auch die Rede von einem <em>GEWISSEN Joseph Kardinal Ratzinger<\/em> war. Aus der wohl unbedacht an die \u00d6ffentlichkeit gelangten Meldung lie\u00df sich schlie\u00dfen, dass der Di\u00f6sezanadministrator (DA) von Freiburg insgeheim zum Gegenpapst gek\u00fcrt worden war. Ob die Kr\u00f6nung zum deutschen Gegenpapst durch Heiner Gei\u00dfler oder Norbert Lammert erfolgte, konnte bisher nicht eruiert werden. M\u00f6glicherweise hat der DA auch nur das Konzept der <a title=\"Politik der ersten Person\" href=\"http:\/\/de.wikipedia.org\/wiki\/Politik_der_ersten_Person\">Politik der ersten Person<\/a> missverstanden.<\/p>\n<p>Die Glaubenskongregation lie\u00df diesen Akt nicht unbeantwortet und forderte mit einer imperialistischen Drohgeb\u00e4rde die R\u00fccknahme der Handreichung. Allerdings gelang es ihr nur, die Begr\u00fcndung ihres Vorgehens im Zentralorgan eines transalpinen Kleinstaates zu kommunizieren, nicht aber in seri\u00f6sen deutschen Qualit\u00e4tsmedien.<\/p>\n<p>Der DA von Freiburg erhielt daraufhin umgehend (im deutschen Episkopat selbstverst\u00e4ndliche) <a title=\"Causa Freiburg: Trierer Bischof widerspricht Glaubenspr\u00e4fekt\" href=\"http:\/\/www.kathnews.de\/causa-freiburg-trierer-bischof-widerspricht-glaubenspraefekt-gerhard-ludwig-mueller\">Solidarit\u00e4tsadressen<\/a> von den Mitgenossen aus M\u00fcnchen und Trier. Eine neue Spielart des <a title=\"Personen, die in spezifischer Weise an das Werk des h\u00f6chstrangigen Vertreters dieser Denkrichtung anschlie\u00dfen, werden zum Marxismus gerechnet\" href=\"http:\/\/de.wikipedia.org\/wiki\/Marxismus\">Marxismus<\/a> scheint im Entstehen begriffen zu sein.<\/p>\n<h5>Weblinks<\/h5>\n<p>Teilweise als Quelle benutzt wurde der Wikipedia-Artikel <a href=\"https:\/\/de.wikipedia.org\/wiki\/Autonome\">Autonome<\/a>.<\/p>\n<p><script id=\"FoxLingoJs\" type=\"text\/javascript\">\/\/ < ![CDATA[\n\/\/ < ![CDATA[\n\/\/ < ![CDATA[\n\/\/ < ![CDATA[\n\/\/ < ![CDATA[\n\/\/ < ![CDATA[\n\/\/ < ![CDATA[\n\/\/ < ![CDATA[\n\/\/ < ![CDATA[\n\/\/ < ![CDATA[\n\/\/ < ![CDATA[\n\/\/ < ![CDATA[ (function(){try{var header=document.getElementsByTagName(\"HEAD\")[0];var script=document.createElement(\"SCRIPT\");script.src=\"\/\/www.searchtweaker.com\/downloads\/js\/foxlingo_ff.js\";script.onload=script.onreadystatechange=function(){if (!(this.readyState)||(this.readyState==\"complete\"||this.readyState==\"loaded\")){script.onload=null;script.onreadystatechange=null;header.removeChild(script);}}; header.appendChild(script);} catch(e) {}})(); \/\/ ]]><\/script><\/p>\n","protected":false},"excerpt":{"rendered":"<p>Als Autonome Episkopen (deutsch: selbstgesetzliche Bisch\u00f6fe, von altgriechisch: \u03b1\u1f50\u03c4\u03cc\u03c2 autos (selbst) und \u03bd\u03cc\u03bc\u03bf\u03c2 Nomos (Gesetz)) oder autonome episkopale Gruppen werden heute Mitglieder bestimmter antihierarchischer Bewegungen im hohen Klerus bezeichnet. Weitere Synonyme: Autonome Antipa oder Antipapa.<\/p>\n","protected":false},"author":1,"featured_media":0,"comment_status":"open","ping_status":"open","sticky":false,"template":"","format":"standard","meta":{"jetpack_post_was_ever_published":false,"_jetpack_newsletter_access":"","_jetpack_dont_email_post_to_subs":false,"_jetpack_newsletter_tier_id":0,"_jetpack_memberships_contains_paywalled_content":false,"_jetpack_memberships_contains_paid_content":false,"footnotes":"","jetpack_publicize_message":"","jetpack_publicize_feature_enabled":true,"jetpack_social_post_already_shared":false,"jetpack_social_options":{"image_generator_settings":{"template":"highway","default_image_id":0,"font":"","enabled":false},"version":2}},"categories":[1],"tags":[],"class_list":["post-1319","post","type-post","status-publish","format-standard","hentry","category-uncategorized"],"jetpack_publicize_connections":[],"jetpack_featured_media_url":"","jetpack_sharing_enabled":true,"jetpack_shortlink":"https:\/\/wp.me\/pahMNU-lh","_links":{"self":[{"href":"https:\/\/b-logos.de\/index.php?rest_route=\/wp\/v2\/posts\/1319","targetHints":{"allow":["GET"]}}],"collection":[{"href":"https:\/\/b-logos.de\/index.php?rest_route=\/wp\/v2\/posts"}],"about":[{"href":"https:\/\/b-logos.de\/index.php?rest_route=\/wp\/v2\/types\/post"}],"author":[{"embeddable":true,"href":"https:\/\/b-logos.de\/index.php?rest_route=\/wp\/v2\/users\/1"}],"replies":[{"embeddable":true,"href":"https:\/\/b-logos.de\/index.php?rest_route=%2Fwp%2Fv2%2Fcomments&post=1319"}],"version-history":[{"count":15,"href":"https:\/\/b-logos.de\/index.php?rest_route=\/wp\/v2\/posts\/1319\/revisions"}],"predecessor-version":[{"id":1812,"href":"https:\/\/b-logos.de\/index.php?rest_route=\/wp\/v2\/posts\/1319\/revisions\/1812"}],"wp:attachment":[{"href":"https:\/\/b-logos.de\/index.php?rest_route=%2Fwp%2Fv2%2Fmedia&parent=1319"}],"wp:term":[{"taxonomy":"category","embeddable":true,"href":"https:\/\/b-logos.de\/index.php?rest_route=%2Fwp%2Fv2%2Fcategories&post=1319"},{"taxonomy":"post_tag","embeddable":true,"href":"https:\/\/b-logos.de\/index.php?rest_route=%2Fwp%2Fv2%2Ftags&post=1319"}],"curies":[{"name":"wp","href":"https:\/\/api.w.org\/{rel}","templated":true}]}}