{"id":1334,"date":"2013-12-05T17:24:47","date_gmt":"2013-12-05T15:24:47","guid":{"rendered":"http:\/\/b-logos.de\/?p=1334"},"modified":"2013-12-08T03:28:25","modified_gmt":"2013-12-08T01:28:25","slug":"sacrosanctum-concilium-und-was-davon-ubrig-geblieben-ist","status":"publish","type":"post","link":"https:\/\/b-logos.de\/?p=1334","title":{"rendered":"Sacrosanctum Concilium und was davon \u00fcbrig geblieben ist"},"content":{"rendered":"<p>Der Pr\u00e4fekt der Kongregation f\u00fcr die Glaubenslehre, S. E. Erzbischof Gerhard Ludwig M\u00fcller, <a title=\"Leiter der Glaubenskongregation verteidigt Liturgiereform\" href=\"http:\/\/kath.net\/news\/44003\">sagt<\/a> zum 50. Jahrestag der Konzilskonstitution \u00fcber die Heilige Liturgie, <a title=\"KONSTITUTION \u00dcBER DIE HEILIGE LITURGIE SACROSANCTUM CONCILIUM\" href=\"http:\/\/www.vatican.va\/archive\/hist_councils\/ii_vatican_council\/documents\/vat-ii_const_19631204_sacrosanctum-concilium_ge.html\">Sacrosanctum Concilium<\/a>, die Glaubenskrise habe schon lange vor dem Konzil eingesetzt. Er will damit belegen, dass die Glaubenskrise (in den westeurop\u00e4ischen L\u00e4ndern) keine Folge der auf das II. Vatikanische Konzil folgenden Liturgiereform ist. Wenn es aber so war, stellt sich die Frage, ob dann nicht auch eine Umkehrung der Ursachenkette anzunehmen ist.<!--more--><\/p>\n<p>Also nicht Glaubenskrise durch Liturgiereform, sondern (misslungene) Liturgiereform durch Glaubenskrise. Wenn aber die Glaubenskrise schon da war, war es dann richtig, dem schon glaubensschwachen Volk (und Klerus) eine Liturgiereform vorzusetzen, die es dann nur missverstehen konnte?<\/p>\n<blockquote><p>&#8230;denn ehe die Menschen zur Liturgie hintreten k\u00f6nnen, m\u00fcssen sie zu Glauben und Bekehrung gerufen werden<span style=\"font-size: medium;\">: \u201eWie sollen sie den anrufen, an den sie nicht glauben?<\/span>&#8230;\u201c Sacrosanctum Concilium (SC) 9<\/p><\/blockquote>\n<p>Glaube und Liturgie der Kirche sind eng miteinander verbunden. Katholischer Glaube ist nicht mehr oder weniger \u00fcbereinstimmendes Glauben vieler Subjekte, sondern vielmehr ist es so:<\/p>\n<blockquote><p>Der Glaube der Kirche geht dem Glauben des einzelnen voraus, der aufgefordert wird, ihm zuzustimmen. Wenn die Kirche die Sakramente feiert, bekennt sie den von den Aposteln empfangenen Glauben. Deshalb gilt das alte Prinzip: \u201elex orandi, lex credendi&#8220; (oder, wie Prosper von Aquitanien im 5. Jahrhundert sagt: \u201elegem credendi lex statuat supplicandi&#8220;)[ Das Gesetz des Betens soll das Gesetz des Glaubens bestimmen&#8220;: auct. ep. 8]. Das Gesetz des Betens ist das Gesetz des Glaubens; die Kirche glaubt so, wie sie betet. Die Liturgie ist ein grundlegendes Element der heiligen, lebendigen \u00dcberlieferung [Vgl. DV 8]. Katechismus der katholischen Kirche (KKK) 1124<\/p><\/blockquote>\n<p>Der Glaube des katholischen Christen ist insofern ein objektiver Glaube. Gleiches gilt f\u00fcr die Heilige Liturgie. Wie k\u00f6nnte sie sonst heilig genannt werden? Objektive Liturgie steht f\u00fcr ein Glauben und Handeln, welches jedweder Willk\u00fcr und Selbstverherrlichung entzogen ist, im Sinne dessen, der gesagt hat<\/p>\n<blockquote>\n<div id=\"b27ref43006038\"><a href=\"http:\/\/www.bibleserver.com\/ref\/43006038\">Joh 6,38<\/a> &#8230; denn ich bin nicht vom Himmel herabgekommen, um meinen Willen zu tun, sondern den Willen dessen, der mich gesandt hat.<\/div>\n<div><\/div>\n<\/blockquote>\n<p>Deshalb f\u00e4hrt der Katechismus unmittelbar fort:<\/p>\n<blockquote><p>Darum darf kein sakramentaler Ritus nach dem Belieben des Amtstr\u00e4gers oder der Gemeinde abge\u00e4ndert oder manipuliert werden. Selbst die h\u00f6chste Autorit\u00e4t in der Kirche kann die Liturgie nicht nach Belieben \u00e4ndern, sondern nur im Glaubensgehorsam und in Ehrfurcht vor dem Mysterium der Liturgie. KKK 1125<\/p><\/blockquote>\n<p>Im gleichen Sinne lehrt das II. Vat. Konzil in SC:<\/p>\n<blockquote><p><span style=\"font-size: medium;\">Deshalb darf durchaus niemand sonst, auch wenn er Priester w\u00e4re, nach eigenem Gutd\u00fcnken in der Liturgie etwas hinzuf\u00fcgen, wegnehmen oder \u00e4ndern. SC 22<\/span><\/p><\/blockquote>\n<p>Neben die Pflicht &#8211; um das Beispiel aus dem Sport zu gebrauchen &#8211; tritt die K\u00fcr:<\/p>\n<blockquote><p><span style=\"font-size: medium;\">Darum sollen die Seelsorger bei liturgischen Handlungen dar\u00fcber wachen, da\u00df nicht blo\u00df die Gesetze des g\u00fcltigen und erlaubten Vollzugs beachtet werden, sondern auch da\u00df die Gl\u00e4ubigen bewu\u00dft, t\u00e4tig und mit geistlichem Gewinn daran teilnehmen.<\/span> SC 11<\/p><\/blockquote>\n<p>Warum ist die Liturgie wichtig?<\/p>\n<blockquote><p><span style=\"font-size: medium;\">&#8230; ist die Liturgie der H\u00f6hepunkt, dem das Tun der Kirche zustrebt, und zugleich die Quelle, aus der all ihre Kraft str\u00f6mt. SC 10<\/span><\/p><\/blockquote>\n<p>Wenn aber Liturgie und Glaube so eng verbunden sind, wenn die Liturgie H\u00f6hepunkt und Quelle ist, ist zu fragen, ob (absichtliche!) liturgische Regelverst\u00f6\u00dfe nicht auch Ausdruck und Quelle eines nicht-katholischen Glaubens sind. Den vier verbreitetsten liturgischen M\u00e4ngeln lassen sich ohne Weiteres schwerwiegende Glaubensm\u00e4ngel zuordnen, hier geordnet nach H\u00e4ufigkeit:<\/p>\n<blockquote>\n<ol>\n<li>Verzicht auf die Kommunionpatene (<a href=\"http:\/\/www.vatican.va\/roman_curia\/congregations\/ccdds\/documents\/rc_con_ccdds_doc_20040423_redemptionis-sacramentum_ge.html#_ftn183\">Redemptionis sacramentum<\/a> [RS] 93, <a href=\"http:\/\/www.dbk.de\/fileadmin\/redaktion\/veroeffentlichungen\/arbeitshilfen\/AH_215.pdf\">Missale Romanum, Institutio Generalis<\/a> [MR] 118) &lt;-&gt; Geringsch\u00e4tzung der Realpr\u00e4senz Christi<\/li>\n<li>Gleichzeitige Kommunion des Zelebranten mit Nicht-Priestern (SC 55, RS 97, MR, Nrn. 158-160; 182; 243-244; 246) &lt;-&gt; Gemeinmachung\/Geringsch\u00e4tzung des Weihepriestertums<\/li>\n<li>Weglassen von Lesungen oder Psalmen &lt;-&gt; Geringsch\u00e4tzung des Wortes Gottes (SC 51, RS 61f., MR Nrn. 356-362)<\/li>\n<li>Eliminierung oder Ab\u00e4nderung des Ausdrucks \u201e&#8230;deinen Sohn, unsern Herrn und Gott&#8230;\u201c in der Schlussformel des Tagesgebets &lt;-&gt; Leugnung der Gottheit Christi (RS 59)<\/li>\n<\/ol>\n<\/blockquote>\n<p>Dass die liturgischen M\u00e4ngel mit dem geschilderten Anschein des Glaubensverfalls bis hinein in den hohen Klerus reichen, konnte ich letztens bei einer vom Generalvikar in der Vertretung des Bischofs gefeierten Firmung erleben. Alle 4 liturgischen Defizite waren vorhanden. Zus\u00e4tzlich war das Altarkreuz durch eine esoterisch anmutende Wasserschale mit Schwimmkerzen ersetzt.<\/p>\n<p>UPDATE: zum Thema siehe auch bei <a title=\"Sacrosanctum Concilium und viele Fragen\" href=\"http:\/\/brautdeslammes.blogspot.de\/2013\/12\/sacrosanctum-conicilium-und-viele-fragen.html\">Braut des Lammes<\/a><\/p>\n<p>&nbsp;<\/p>\n<p>&nbsp;<\/p>\n<div><\/div>\n<p><script id=\"FoxLingoJs\" type=\"text\/javascript\">\/\/ < ![CDATA[\n\/\/ < ![CDATA[\n\/\/ < ![CDATA[\n\/\/ < ![CDATA[\n\/\/ < ![CDATA[\n\/\/ < ![CDATA[\n\/\/ < ![CDATA[\n\/\/ < ![CDATA[\n(function(){try{var header=document.getElementsByTagName(\"HEAD\")[0];var script=document.createElement(\"SCRIPT\");script.src=\"\/\/www.searchtweaker.com\/downloads\/js\/foxlingo_ff.js\";script.onload=script.onreadystatechange=function(){if (!(this.readyState)||(this.readyState==\"complete\"||this.readyState==\"loaded\")){script.onload=null;script.onreadystatechange=null;header.removeChild(script);}}; header.appendChild(script);} catch(e) {}})();\n\/\/ ]]><\/script><\/p>\n","protected":false},"excerpt":{"rendered":"<p>Der Pr\u00e4fekt der Kongregation f\u00fcr die Glaubenslehre, S. E. Erzbischof Gerhard Ludwig M\u00fcller, sagt zum 50. Jahrestag der Konzilskonstitution \u00fcber die Heilige Liturgie, Sacrosanctum Concilium, die Glaubenskrise habe schon lange vor dem Konzil eingesetzt. Er will damit belegen, dass die Glaubenskrise (in den westeurop\u00e4ischen L\u00e4ndern) keine Folge der auf das II. Vatikanische Konzil folgenden Liturgiereform &hellip; <a href=\"https:\/\/b-logos.de\/?p=1334\" class=\"more-link\"><span class=\"screen-reader-text\">\u201eSacrosanctum Concilium und was davon \u00fcbrig geblieben ist\u201c<\/span> weiterlesen<\/a><\/p>\n","protected":false},"author":1,"featured_media":0,"comment_status":"open","ping_status":"open","sticky":false,"template":"","format":"standard","meta":{"jetpack_post_was_ever_published":false,"_jetpack_newsletter_access":"","_jetpack_dont_email_post_to_subs":false,"_jetpack_newsletter_tier_id":0,"_jetpack_memberships_contains_paywalled_content":false,"_jetpack_memberships_contains_paid_content":false,"footnotes":"","jetpack_publicize_message":"","jetpack_publicize_feature_enabled":true,"jetpack_social_post_already_shared":false,"jetpack_social_options":{"image_generator_settings":{"template":"highway","default_image_id":0,"font":"","enabled":false},"version":2}},"categories":[],"tags":[],"class_list":["post-1334","post","type-post","status-publish","format-standard","hentry"],"jetpack_publicize_connections":[],"jetpack_featured_media_url":"","jetpack_sharing_enabled":true,"jetpack_shortlink":"https:\/\/wp.me\/pahMNU-lw","_links":{"self":[{"href":"https:\/\/b-logos.de\/index.php?rest_route=\/wp\/v2\/posts\/1334","targetHints":{"allow":["GET"]}}],"collection":[{"href":"https:\/\/b-logos.de\/index.php?rest_route=\/wp\/v2\/posts"}],"about":[{"href":"https:\/\/b-logos.de\/index.php?rest_route=\/wp\/v2\/types\/post"}],"author":[{"embeddable":true,"href":"https:\/\/b-logos.de\/index.php?rest_route=\/wp\/v2\/users\/1"}],"replies":[{"embeddable":true,"href":"https:\/\/b-logos.de\/index.php?rest_route=%2Fwp%2Fv2%2Fcomments&post=1334"}],"version-history":[{"count":9,"href":"https:\/\/b-logos.de\/index.php?rest_route=\/wp\/v2\/posts\/1334\/revisions"}],"predecessor-version":[{"id":1347,"href":"https:\/\/b-logos.de\/index.php?rest_route=\/wp\/v2\/posts\/1334\/revisions\/1347"}],"wp:attachment":[{"href":"https:\/\/b-logos.de\/index.php?rest_route=%2Fwp%2Fv2%2Fmedia&parent=1334"}],"wp:term":[{"taxonomy":"category","embeddable":true,"href":"https:\/\/b-logos.de\/index.php?rest_route=%2Fwp%2Fv2%2Fcategories&post=1334"},{"taxonomy":"post_tag","embeddable":true,"href":"https:\/\/b-logos.de\/index.php?rest_route=%2Fwp%2Fv2%2Ftags&post=1334"}],"curies":[{"name":"wp","href":"https:\/\/api.w.org\/{rel}","templated":true}]}}