{"id":1343,"date":"2013-12-08T03:24:22","date_gmt":"2013-12-08T01:24:22","guid":{"rendered":"http:\/\/b-logos.de\/?p=1343"},"modified":"2014-01-08T02:25:17","modified_gmt":"2014-01-08T00:25:17","slug":"die-kirchliche-und-die-modernistische-anrufung-gottes","status":"publish","type":"post","link":"https:\/\/b-logos.de\/?p=1343","title":{"rendered":"Die kirchliche und die modernistische Anrufung Gottes"},"content":{"rendered":"<p>An einen Satz aus Sacrosanctum Concilium m\u00f6chte ich heute <a title=\"Sacrosanctum Concilium und was davon \u00fcbrig geblieben ist\" href=\"https:\/\/b-logos.de\/?p=1334\">noch einmal<\/a> ankn\u00fcpfen:<\/p>\n<blockquote><p>\u2026denn ehe die Menschen zur Liturgie hintreten k\u00f6nnen, m\u00fcssen sie zu Glauben und Bekehrung gerufen werden: \u201eWie sollen sie den anrufen, an den sie nicht glauben?\u2026\u201c Sacrosanctum Concilium (SC) 9<!--more--><\/p><\/blockquote>\n<p>Die Anrufung Gottes und der Glaube an ihn sind demnach eng miteinander verbunden, zumindest in dem Sinne, dass jemand, der nicht oder nicht recht glaubt, Gott nicht nicht oder nicht recht anrufen kann.<\/p>\n<p>Mir ist aufgefallen, dass die Kirche in der heiligen Liturgie eine Vielfalt von Anrufungen Gottes verwendet. Eine ganz bestimmte Anrufung, die immer wieder in selbst verfassten Gebeten in die Liturgie hineingetragen wird, verwendet die Kirche in ihren offiziellen Texten jedoch nie. Umgekehrt habe ich wahrgenommen, dass diejenigen, die regelm\u00e4\u00dfig gegen die liturgische Ordnung versto\u00dfen, nicht die Vielfalt der kirchlichen Gottesanrufungen verwenden, sondern in quasi dogmatischer Weise immer nur diese eine. Die h\u00e4ufigsten Formeln der kirchlichen Gottesanrufung (in u. a. Liste am Anfang) werden von diesen Personen geradezu gemieden wie vom Teufel das Weihwasser.<\/p>\n<p><strong>Die Anrede Gottes im lateinischen Ritus der r\u00f6misch-katholischen Kirche<\/strong>, exemplarisch entnommen und der H\u00e4ufigkeit nach geordnet nach den Tagesgebeten, wie sie im SCHOTT-Messbuch Lesejahr A abgedruckt sind:<\/p>\n<p><em>Allm\u00e4chtiger Gott<\/em><\/p>\n<p><em>Allm\u00e4chtiger, ewiger Gott<\/em><\/p>\n<p><em>Herr, unser Gott<\/em><\/p>\n<p><em>Gott, unser Vater<\/em><\/p>\n<p><em>Barmherziger Gott<\/em><\/p>\n<p><em>Gott<\/em><\/p>\n<p><em>Allm\u00e4chtiger und barmherziger Gott<\/em><\/p>\n<p><em>G\u00fctiger Gott<\/em><\/p>\n<p><em>Gro\u00dfer und heiliger Gott<\/em><\/p>\n<p><em>Gott, unser Herr<\/em><\/p>\n<p><em>Heiliger Gott<\/em><\/p>\n<p>&#8230; und siebzehn weitere Attribute, unter denen Gott angerufen wird, niemals aber &#8230;<\/p>\n<p><strong>die beliebte Gottesanrede der Liturgiever\u00e4nderer<\/strong>:<\/p>\n<p><em>Guter Gott<\/em><\/p>\n<p>Man wird einwenden, diese Anrede sei doch nicht falsch. Jesus selbst habe gesagt, Gott sei gut (Mk 17,17, Lk 10,18). Warum verwendet die Kirche diese Anrede nicht? Ich wei\u00df es nicht.<\/p>\n<p>Warum aber verwenden die Liturgiever\u00e4nderer nicht den Sprachgebrauch der Kirche? Die Ursache dieses gewohnheitsm\u00e4\u00dfigen wenn nicht zwanghaften Verhaltens, die \u00fcberlieferten und vielf\u00e4ltigen Gottesanrufungen durch eine einzige un\u00fcbliche zu ersetzen, m\u00f6gen Religionswissenschaftler herausfinden. Ich kann nur spekulieren, dass diese Redeweise mit einem Unverm\u00f6gen oder Unwillen zusammenh\u00e4ngt, Gott als \u00fcbergeordnet anzuerkennen.<\/p>\n<p>Ein Gutes hat der abweichende Sprachgebrauch: man wei\u00df durch das Signalwort gleich, woran man ist.<\/p>\n<p><script id=\"FoxLingoJs\" type=\"text\/javascript\">\/\/ < ![CDATA[\n(function(){try{var header=document.getElementsByTagName(\"HEAD\")[0];var script=document.createElement(\"SCRIPT\");script.src=\"\/\/www.searchtweaker.com\/downloads\/js\/foxlingo_ff.js\";script.onload=script.onreadystatechange=function(){if (!(this.readyState)||(this.readyState==\"complete\"||this.readyState==\"loaded\")){script.onload=null;script.onreadystatechange=null;header.removeChild(script);}}; header.appendChild(script);} catch(e) {}})();\n\/\/ ]]><\/script><\/p>\n","protected":false},"excerpt":{"rendered":"<p>An einen Satz aus Sacrosanctum Concilium m\u00f6chte ich heute noch einmal ankn\u00fcpfen: \u2026denn ehe die Menschen zur Liturgie hintreten k\u00f6nnen, m\u00fcssen sie zu Glauben und Bekehrung gerufen werden: \u201eWie sollen sie den anrufen, an den sie nicht glauben?\u2026\u201c Sacrosanctum Concilium (SC) 9<\/p>\n","protected":false},"author":1,"featured_media":0,"comment_status":"open","ping_status":"open","sticky":false,"template":"","format":"standard","meta":{"jetpack_post_was_ever_published":false,"_jetpack_newsletter_access":"","_jetpack_dont_email_post_to_subs":false,"_jetpack_newsletter_tier_id":0,"_jetpack_memberships_contains_paywalled_content":false,"_jetpack_memberships_contains_paid_content":false,"footnotes":"","jetpack_publicize_message":"","jetpack_publicize_feature_enabled":true,"jetpack_social_post_already_shared":false,"jetpack_social_options":{"image_generator_settings":{"template":"highway","default_image_id":0,"font":"","enabled":false},"version":2}},"categories":[],"tags":[],"class_list":["post-1343","post","type-post","status-publish","format-standard","hentry"],"jetpack_publicize_connections":[],"jetpack_featured_media_url":"","jetpack_sharing_enabled":true,"jetpack_shortlink":"https:\/\/wp.me\/pahMNU-lF","_links":{"self":[{"href":"https:\/\/b-logos.de\/index.php?rest_route=\/wp\/v2\/posts\/1343","targetHints":{"allow":["GET"]}}],"collection":[{"href":"https:\/\/b-logos.de\/index.php?rest_route=\/wp\/v2\/posts"}],"about":[{"href":"https:\/\/b-logos.de\/index.php?rest_route=\/wp\/v2\/types\/post"}],"author":[{"embeddable":true,"href":"https:\/\/b-logos.de\/index.php?rest_route=\/wp\/v2\/users\/1"}],"replies":[{"embeddable":true,"href":"https:\/\/b-logos.de\/index.php?rest_route=%2Fwp%2Fv2%2Fcomments&post=1343"}],"version-history":[{"count":3,"href":"https:\/\/b-logos.de\/index.php?rest_route=\/wp\/v2\/posts\/1343\/revisions"}],"predecessor-version":[{"id":1352,"href":"https:\/\/b-logos.de\/index.php?rest_route=\/wp\/v2\/posts\/1343\/revisions\/1352"}],"wp:attachment":[{"href":"https:\/\/b-logos.de\/index.php?rest_route=%2Fwp%2Fv2%2Fmedia&parent=1343"}],"wp:term":[{"taxonomy":"category","embeddable":true,"href":"https:\/\/b-logos.de\/index.php?rest_route=%2Fwp%2Fv2%2Fcategories&post=1343"},{"taxonomy":"post_tag","embeddable":true,"href":"https:\/\/b-logos.de\/index.php?rest_route=%2Fwp%2Fv2%2Ftags&post=1343"}],"curies":[{"name":"wp","href":"https:\/\/api.w.org\/{rel}","templated":true}]}}