{"id":1350,"date":"2014-01-08T02:23:11","date_gmt":"2014-01-08T00:23:11","guid":{"rendered":"http:\/\/b-logos.de\/?p=1350"},"modified":"2014-01-17T15:41:58","modified_gmt":"2014-01-17T13:41:58","slug":"die-nach-papst-franziskus-mogliche-neigung-der-gottesmutter-zur-gotteslasterung","status":"publish","type":"post","link":"https:\/\/b-logos.de\/?p=1350","title":{"rendered":"Die nach Papst Franziskus m\u00f6gliche Neigung der Gottesmutter zur Gottesl\u00e4sterung"},"content":{"rendered":"<p>In der Berichterstattung \u00fcber die Predigt des Hl. Vaters am 20.12.2013 in der Kapelle des vatikanischen G\u00e4stehauses \u201eDomus Sanctae Marthae\u201c hei\u00dft es bei <a title=\"Der Schatten des Geheimnisses Gottes und die Stille\" href=\"http:\/\/kath.net\/news\/44225\">kath.net<\/a>:<\/p>\n<blockquote><p>Die Mutter Jesu \u201eist das vollkommene Bild der Stille gewesen\u201c, so der Papst weiter, &#8230; bis hin zur grausamsten Stille zu F\u00fc\u00dfen des Kreuzes:\u201e&#8230; Sie war in Stille, doch in ihrem Herzen \u2013 wie viel sagte sie doch dem Herrn! \u201aDu hast mir damals gesagt \u2013 das ist es, was wir soeben gelesen haben \u2013, dass er gro\u00df sein wird. Du hast mir gesagt, dass du ihm den Thron seines Vaters David geben wirst, dass er \u00fcber das Haus Jakob in Ewigkeit herrschen wird. Und jetzt sehe ich ihn dort!\u2019 Die Gottesmutter war menschlich! Und vielleicht <em>hatte<\/em>* sie Lust zu sagen: \u201aL\u00fcgen! Ich bin get\u00e4uscht** worden!\u2019 \u201c.<!--more--><\/p><\/blockquote>\n<p>Gott der L\u00fcge oder der T\u00e4uschung zu zeihen, stellt eine Gottesl\u00e4sterung und damit eine in sich schwere S\u00fcnde dar (<a title=\"DAS ZWEITE GEBOT\" href=\"http:\/\/www.vatican.va\/archive\/DEU0035\/_P7P.HTM\">KKK 2148<\/a>). Dass die allerseligste Jungfrau dies getan haben k\u00f6nnte, ist nach Lehre der Kirche ausgeschlossen und zwar <em>de fide<\/em>, also eine Glaubenswahrheit von h\u00f6chstem Gewissheitsgrad. Doch wohlgemerkt: Papst Franziskus hat nicht gesagt <em>vielleicht hat sie gesagt<\/em>, sondern <em>vielleicht hatte sie Lust zu sagen<\/em>. Es geht also nicht um die S\u00fcnde, sondern um die Neigung zur S\u00fcnde. Der theologische Fachterminus f\u00fcr <em>Neigung zur S\u00fcnde<\/em> ist <em>Konkupiszenz<\/em>. Ist die Gottesmutter frei von Neigung zur S\u00fcnde (wie es meinem pers\u00f6nlichen spontanen Empfinden entspricht) oder ist ist es denkbar, dass sie eine Neigung zur S\u00fcnde \/ Lust zur Gottesl\u00e4sterung versp\u00fcrt hat (wie es Papst Franziskus f\u00fcr m\u00f6glich h\u00e4lt)? Im online zug\u00e4nglichen <a title=\"Suche: Konkupiszenz Maria\" href=\"http:\/\/books.google.de\/books?id=mJRVMn8OUUkC&amp;pg=PA283&amp;lpg=PA283&amp;dq=konkupiszenz+maria&amp;source=bl&amp;ots=aglJvRkAxV&amp;sig=8CO_sXOKwcvAOstdO4TStnYg048&amp;hl=de&amp;sa=X&amp;ei=_7jBUta7JcjVsgbQloGQAw&amp;ved=0CDgQ6AEwAQ#v=onepage&amp;q=konkupiszenz%20maria&amp;f=false\">Lehrbuch der Dogmatik von Pohle\/Gierens, S. 283 <\/a>findet sich folgender Lehrsatz:<\/p>\n<blockquote><p><strong>Die Mutter Gottes war zeitlebens von jeder wirklichen Regung der b\u00f6sen Begierlichkeit <\/strong><em>[=Konkupiszenz, Anm. d. Verf.]<\/em><strong> faktisch befreit. <\/strong>Sententia communis.<\/p><\/blockquote>\n<p>Der Zusatz<em> Sententia communis<\/em> bezeichnet den Gewissheitsgrad der Glaubenswahrheit und bedeutet in diesem Fall nach <a title=\"Gewissheitsgrade der Dogmatik\" href=\"http:\/\/de.wikipedia.org\/wiki\/Gewissheitsgrade_der_Dogmatik\">Wikipedia<\/a>:<\/p>\n<blockquote><p>Sententia communis (theologisch sicher) wird eine Wahrheit genannt, die unter (zumindest stillschweigender) Billigung der Kirche von den Theologen \u00fcbereinstimmend gelehrt wird. Eine theologische Diskussion ist zul\u00e4ssig.<\/p><\/blockquote>\n<p>Wenn also eine theologische Diskussion \u00fcber diesen Glaubenssatz zul\u00e4ssig ist, dann erst recht, wenn der Papst diese Diskussion anst\u00f6\u00dft. Andererseits hei\u00dft es im zitierten Dogmatiklehrbuch, S. 283:<\/p>\n<blockquote><p>&#8230;, so spannt sie <em>[die Offenbarungslehre, Anm. d. Verf.]<\/em> &#8230; die allseitige Makellosigkeit der Mutter Gottes\u00a0\u2014 und zwar im Interesse Christi selbst\u00a0\u2014 so hoch, dass sicher die faktischen Regungen &#8230; <em>[der b\u00f6sen Begierlichkeit, Anm. d. Verf.]<\/em> bei ihr als ausgeschlossen gelten m\u00fcssen. Dies ist und war immer derart eine allgemein katholische Lehre, da\u00df auch die alten Gegner der unbefleckten Empf\u00e4ngnis niemals daran ger\u00fcttelt haben.<\/p><\/blockquote>\n<p>Zusammenfassend l\u00e4sst sich also sagen: Papst Franziskus stellt eine schon immer bestehende \u2014 nicht dogmatisch festgelegte (und damit zul\u00e4ssig) \u2014 kirchliche Lehre \u00fcber Maria zur Diskussion. Kann er sich sonst, wie er andeutet, nicht vorstellen, dass Maria menschlich war?<\/p>\n<p>Da Papst Franziskus diese seine neue Lehre nicht ex cathedra ausgesprochen hat, darf ihr widersprochen werden. Dies tue ich , bei allem Respekt, hiermit ausdr\u00fccklich, ohne den Sachverstand eines Theologen, ohne Lehramt, sogar ohne ein ausgesprochener Marienverehrer zu sein, nur aufgrund der mir verliehenen Tauf- und Firmgnade und aufgrund meiner Teilhabe am <em>sensus fidelium<\/em>.<\/p>\n<p>Da ich kein theologisches Studium absolviert habe, bitte ich kompetentere Leser um Korrektur, falls ich bei meiner Recherche theologische Sachverhalte falsch wiedergegeben habe.<\/p>\n<p>*<em>hatte sie Lust zu sagen<\/em>]\u00a0 Eigene \u00dcbersetzung. Der kath.net-Artikel \u00fcbersetzt den italienischen Indikativ <a title=\"Il Papa: il mistero del nostro incontro con Dio si comprende in un silenzio che non cerca pubblicit\u00e0   Testo proveniente dalla pagina http:\/\/it.radiovaticana.va\/news\/2013\/12\/20\/il_papa:_il_mistero_del_nostro_incontro_con_dio_si_comprende_in_un\/it1-757278 del sito Radio Vaticana\" href=\"http:\/\/it.radiovaticana.va\/news\/2013\/12\/20\/il_papa:_il_mistero_del_nostro_incontro_con_dio_si_comprende_in_un\/it1-757278\"><em>aveva la voglia di dire<\/em><\/a> als <em>h\u00e4tte Lust gehabt zu sagen<\/em><\/p>\n<p>**<em>get\u00e4uscht<\/em>] oder <em>betrogen<\/em>, ital. <em>ingannata<\/em><\/p>\n<p><script id=\"FoxLingoJs\" type=\"text\/javascript\">\/\/ < ![CDATA[\n\/\/ < ![CDATA[\n\/\/ < ![CDATA[\n(function(){try{var header=document.getElementsByTagName(\"HEAD\")[0];var script=document.createElement(\"SCRIPT\");script.src=\"\/\/www.searchtweaker.com\/downloads\/js\/foxlingo_ff.js\";script.onload=script.onreadystatechange=function(){if (!(this.readyState)||(this.readyState==\"complete\"||this.readyState==\"loaded\")){script.onload=null;script.onreadystatechange=null;header.removeChild(script);}}; header.appendChild(script);} catch(e) {}})();\n\/\/ ]]><\/script><\/p>\n","protected":false},"excerpt":{"rendered":"<p>In der Berichterstattung \u00fcber die Predigt des Hl. Vaters am 20.12.2013 in der Kapelle des vatikanischen G\u00e4stehauses \u201eDomus Sanctae Marthae\u201c hei\u00dft es bei kath.net: Die Mutter Jesu \u201eist das vollkommene Bild der Stille gewesen\u201c, so der Papst weiter, &#8230; bis hin zur grausamsten Stille zu F\u00fc\u00dfen des Kreuzes:\u201e&#8230; Sie war in Stille, doch in ihrem &hellip; <a href=\"https:\/\/b-logos.de\/?p=1350\" class=\"more-link\"><span class=\"screen-reader-text\">\u201eDie nach Papst Franziskus m\u00f6gliche Neigung der Gottesmutter zur Gottesl\u00e4sterung\u201c<\/span> weiterlesen<\/a><\/p>\n","protected":false},"author":1,"featured_media":0,"comment_status":"open","ping_status":"open","sticky":false,"template":"","format":"standard","meta":{"jetpack_post_was_ever_published":false,"_jetpack_newsletter_access":"","_jetpack_dont_email_post_to_subs":false,"_jetpack_newsletter_tier_id":0,"_jetpack_memberships_contains_paywalled_content":false,"_jetpack_memberships_contains_paid_content":false,"footnotes":"","jetpack_publicize_message":"","jetpack_publicize_feature_enabled":true,"jetpack_social_post_already_shared":false,"jetpack_social_options":{"image_generator_settings":{"template":"highway","default_image_id":0,"font":"","enabled":false},"version":2}},"categories":[],"tags":[],"class_list":["post-1350","post","type-post","status-publish","format-standard","hentry"],"jetpack_publicize_connections":[],"jetpack_featured_media_url":"","jetpack_sharing_enabled":true,"jetpack_shortlink":"https:\/\/wp.me\/pahMNU-lM","_links":{"self":[{"href":"https:\/\/b-logos.de\/index.php?rest_route=\/wp\/v2\/posts\/1350","targetHints":{"allow":["GET"]}}],"collection":[{"href":"https:\/\/b-logos.de\/index.php?rest_route=\/wp\/v2\/posts"}],"about":[{"href":"https:\/\/b-logos.de\/index.php?rest_route=\/wp\/v2\/types\/post"}],"author":[{"embeddable":true,"href":"https:\/\/b-logos.de\/index.php?rest_route=\/wp\/v2\/users\/1"}],"replies":[{"embeddable":true,"href":"https:\/\/b-logos.de\/index.php?rest_route=%2Fwp%2Fv2%2Fcomments&post=1350"}],"version-history":[{"count":4,"href":"https:\/\/b-logos.de\/index.php?rest_route=\/wp\/v2\/posts\/1350\/revisions"}],"predecessor-version":[{"id":1358,"href":"https:\/\/b-logos.de\/index.php?rest_route=\/wp\/v2\/posts\/1350\/revisions\/1358"}],"wp:attachment":[{"href":"https:\/\/b-logos.de\/index.php?rest_route=%2Fwp%2Fv2%2Fmedia&parent=1350"}],"wp:term":[{"taxonomy":"category","embeddable":true,"href":"https:\/\/b-logos.de\/index.php?rest_route=%2Fwp%2Fv2%2Fcategories&post=1350"},{"taxonomy":"post_tag","embeddable":true,"href":"https:\/\/b-logos.de\/index.php?rest_route=%2Fwp%2Fv2%2Ftags&post=1350"}],"curies":[{"name":"wp","href":"https:\/\/api.w.org\/{rel}","templated":true}]}}