{"id":1489,"date":"2014-08-12T00:13:18","date_gmt":"2014-08-11T22:13:18","guid":{"rendered":"http:\/\/b-logos.de\/?p=1489"},"modified":"2018-07-24T03:42:00","modified_gmt":"2018-07-24T03:42:00","slug":"domiziliovakantismus","status":"publish","type":"post","link":"https:\/\/b-logos.de\/?p=1489","title":{"rendered":"Domiziliovakantismus"},"content":{"rendered":"<p>Ich hatte ein\u00a0<a href=\"https:\/\/de.wikipedia.org\/wiki\/WordPress\">WordPress<\/a>-Aktualisierungs-Desaster mit Kopfzeilenbildverlust. Ein paar Tage war dieser Blog gar nicht zu erreichen. Ich habe dieses Desaster zum Anlass genommen,\u00a0das Kopfzeilenbild dieses Blogs vom Mai 2011 wiederherzustellen. Damit ist erstens der Zusammenhang zum in der Kopfzeile zitierten Bibelvers wieder vorhanden. Zweitens gibt es nichts Besseres als dieses Bild, um die widerstreitenden Gef\u00fchle wiederzugeben, die mich befallen haben, seit das tr\u00f6stende, Abend f\u00fcr Abend \u00fcber den Petersplatz scheinende Licht aus der obersten Etage des Apostolischen Palastes erloschen ist. <!--more-->Dar\u00fcberhinaus ist ein Hiobs-Ereignis in meiner Familie aufgetreten, so dass nun auch f\u00fcr diesen Blog die Nacht nach <a title=\"Die Heilung eines Blinden\" href=\"http:\/\/www.bibleserver.com\/text\/EU\/Johannes9%2C4\">Joh 9,4<\/a> gekommen ist und ich ihn einstelle. Ich bitte Euch, meine Leser, ums Gebet, wie auch ich Euch und die Euren einschlie\u00dfe.<\/p>\n<p>Dieser Blog stand immer unter dem Leitwort:<\/p>\n<blockquote><p>Sie sagten zu ihm: Rabbi &#8211; das hei\u00dft \u00fcbersetzt: Meister -, wo wohnst du? Er antwortete: Kommt und seht! Da gingen sie mit und sahen, wo er wohnte. <a href=\"http:\/\/www.bibleserver.com\/text\/EU\/Johannes1\">Joh 1,39<\/a><\/p><\/blockquote>\n<p>Er endet mit:<\/p>\n<blockquote><p>Sie fragten ihn (den von der Blindheit Geheilten): Wo ist er? Er sagte: Ich wei\u00df es nicht. <a href=\"http:\/\/www.bibleserver.com\/text\/EU\/Johannes9%2C12\">Joh 9,12<\/a><\/p><\/blockquote>\n<p>Doch bei allen apokalyptischen Ereignissen in der Welt, in der Kirche und im pers\u00f6nlichen Leben m\u00f6chte ich schlie\u00dfen mit diesen Worten unseres Herrn und Meisters:<\/p>\n<blockquote><p><a id=\"s27ref42021028link\" href=\"http:\/\/www.bibleserver.com\/text\/EU\/Lukas21%2C28\">Lk 21,28<\/a>\u00a0Wenn (all) das beginnt, dann richtet euch auf, und\u00a0erhebt\u00a0eure\u00a0H\u00e4upter; denn\u00a0eure\u00a0Erl\u00f6sung ist nahe.<\/p><\/blockquote>\n<p>Der HERR sei mit Euch.<\/p>\n","protected":false},"excerpt":{"rendered":"<p>Ich hatte ein\u00a0WordPress-Aktualisierungs-Desaster mit Kopfzeilenbildverlust. Ein paar Tage war dieser Blog gar nicht zu erreichen. Ich habe dieses Desaster zum Anlass genommen,\u00a0das Kopfzeilenbild dieses Blogs vom Mai 2011 wiederherzustellen. Damit ist erstens der Zusammenhang zum in der Kopfzeile zitierten Bibelvers wieder vorhanden. Zweitens gibt es nichts Besseres als dieses Bild, um die widerstreitenden Gef\u00fchle wiederzugeben, &hellip; <a href=\"https:\/\/b-logos.de\/?p=1489\" class=\"more-link\"><span class=\"screen-reader-text\">\u201eDomiziliovakantismus\u201c<\/span> weiterlesen<\/a><\/p>\n","protected":false},"author":1,"featured_media":0,"comment_status":"open","ping_status":"open","sticky":false,"template":"","format":"standard","meta":{"jetpack_post_was_ever_published":false,"_jetpack_newsletter_access":"","_jetpack_dont_email_post_to_subs":false,"_jetpack_newsletter_tier_id":0,"_jetpack_memberships_contains_paywalled_content":false,"_jetpack_memberships_contains_paid_content":false,"footnotes":"","jetpack_publicize_message":"","jetpack_publicize_feature_enabled":true,"jetpack_social_post_already_shared":false,"jetpack_social_options":{"image_generator_settings":{"template":"highway","default_image_id":0,"font":"","enabled":false},"version":2}},"categories":[2],"tags":[],"class_list":["post-1489","post","type-post","status-publish","format-standard","hentry","category-in-eigener-blog-sache"],"jetpack_publicize_connections":[],"jetpack_featured_media_url":"","jetpack_sharing_enabled":true,"jetpack_shortlink":"https:\/\/wp.me\/pahMNU-o1","_links":{"self":[{"href":"https:\/\/b-logos.de\/index.php?rest_route=\/wp\/v2\/posts\/1489","targetHints":{"allow":["GET"]}}],"collection":[{"href":"https:\/\/b-logos.de\/index.php?rest_route=\/wp\/v2\/posts"}],"about":[{"href":"https:\/\/b-logos.de\/index.php?rest_route=\/wp\/v2\/types\/post"}],"author":[{"embeddable":true,"href":"https:\/\/b-logos.de\/index.php?rest_route=\/wp\/v2\/users\/1"}],"replies":[{"embeddable":true,"href":"https:\/\/b-logos.de\/index.php?rest_route=%2Fwp%2Fv2%2Fcomments&post=1489"}],"version-history":[{"count":9,"href":"https:\/\/b-logos.de\/index.php?rest_route=\/wp\/v2\/posts\/1489\/revisions"}],"predecessor-version":[{"id":1809,"href":"https:\/\/b-logos.de\/index.php?rest_route=\/wp\/v2\/posts\/1489\/revisions\/1809"}],"wp:attachment":[{"href":"https:\/\/b-logos.de\/index.php?rest_route=%2Fwp%2Fv2%2Fmedia&parent=1489"}],"wp:term":[{"taxonomy":"category","embeddable":true,"href":"https:\/\/b-logos.de\/index.php?rest_route=%2Fwp%2Fv2%2Fcategories&post=1489"},{"taxonomy":"post_tag","embeddable":true,"href":"https:\/\/b-logos.de\/index.php?rest_route=%2Fwp%2Fv2%2Ftags&post=1489"}],"curies":[{"name":"wp","href":"https:\/\/api.w.org\/{rel}","templated":true}]}}