{"id":1591,"date":"2016-06-04T20:41:04","date_gmt":"2016-06-04T20:41:04","guid":{"rendered":"http:\/\/b-logos.de\/?p=1591"},"modified":"2016-07-20T07:53:01","modified_gmt":"2016-07-20T07:53:01","slug":"kirche-ueberlebt-reinhard-kardinal-marx","status":"publish","type":"post","link":"https:\/\/b-logos.de\/?p=1591","title":{"rendered":"Kirche <em>\u00fcber<\/em>lebt: Reinhard Kardinal Marx?"},"content":{"rendered":"<p>&nbsp;<\/p>\n<blockquote><p>Der Buchtitel von Marx\u2019 kleiner Schrift \u201eKirche<em>\u00fcber<\/em>lebt\u201c enth\u00e4lt Doppeldeutiges: Die Kirche wird auch die gegenw\u00e4rtige Krise \u00fcberleben, und: Sie ist \u00fcberlebt.<\/p><\/blockquote>\n<p>&#8230; hei\u00dft es in der <a href=\"http:\/\/www.katholisches.info\/2016\/06\/04\/kardinal-marx-kirchenbuch-falsche-frontstellungen-verneigung-vor-luther-und-geistliche-impulse\/\">Rezension<\/a> von Hubert Hecker. <!--more-->Da die Beziehung zwischen Kardinal Marx und den katholischen Bloggern ja leider nicht unbelastet ist,\u00a0konnte ich es mir weder\u00a0verkneifen, f\u00fcr\u00a0den Titel dieses Artikels aus dem Buchtitel ein weiteres Wortspiel zu fabrizieren \u2014\u00a0ich muss doch als katholischer Blogger st\u00e4ndig darum bem\u00fcht sein, Eminenz meine Zurechnungsf\u00e4higkeit zu beweisen \u2014, noch mit der Thematisierung der ver\u00e4chtlichen\u00a0Aussage\u00a0meinen Kommentar zur Thematik der Abhandlung\u00a0zu beginnen:<\/p>\n<p>1. Wie will Kardinal Marx zu Dialog f\u00e4hig sein oder gar evangelisierend oder missionierend die Gesellschaft und die (digitale) Welt \u201ebegleiten\u201c, wenn er die eigenen Leute als <a href=\"http:\/\/www.kath.net\/news\/52190\">verbl\u00f6det<\/a> bezeichnet?<br \/>\n2. Mit seiner <a href=\"http:\/\/kath.net\/news\/49624\">Autonomiedrohung<\/a>\u00a0hat er die seit der K\u00f6nigssteiner Erkl\u00e4rung von 1968 bestehende Abnabelung des deutschkatholischen Gewissens vom universalen Lehramt fortgesetzt. Wie sollen abgeschn\u00fcrte Rebzweige Frucht bringen?<br \/>\n3. W\u00e4re es nach dem Ende der \u00c4ra Lehmann, angesichts der von diesem Kardinal in dessen Zeit als Vorsitzendem der DBK vollzogenen <a href=\"http:\/\/hpd.de\/node\/1361\">Leugnung<\/a> eines Glaubens an die Kirche, nicht an der Zeit, den 9. Artikel des CREDO feierlich neu \u00f6ffentlich zu bekennen? Deutlich zu machen, dass auch die Kirche \u2013 in ihrer transzendenten Wirklichkeit als K\u00f6rper von Jesus, dem Herrn \u2013 des Glaubens w\u00fcrdig ist.<br \/>\n4. Vieles was sich im deutschsprachigen Raum als \u201ekirchlich\u201c oder \u201ekatholisch\u201c bezeichnet, ist im Absterben begriffen. Das Evangelium <a href=\"http:\/\/www.bibleserver.com\/text\/EU\/joh15,1-8\">Joh 15,1-8<\/a>\u00a0in\u00a0der Hl. Messe \u00a0mit Papst Benedikt im Berliner Olympiastadion am 22.9.2011 nannte die Ursachen: Wer in Christus bleibt, bringt reiche Frucht. Wer nicht in Christus bleibt, verdorrt. So einfach (und so schwer) ist es.<br \/>\nDas euphemistische Wort von einer quasi meteorologischen <em><a href=\"https:\/\/www.google.de\/search?q=glaubens+verdunstung&amp;espv=2&amp;biw=1280&amp;bih=961&amp;source=lnt&amp;tbs=cdr%3A1%2Ccd_min%3A%2Ccd_max%3A31.12.1992&amp;tbm=#tbs=cdr:1%2Ccd_max:31.12.1992&amp;q=verdunstung+des+Gottesglaubens\">Verdunstung des Gottesglaubens<\/a><\/em>\u00a0ist billig. Wer in seinem pers\u00f6nlichen Verantwortungsbereich Unfruchtbarkeit feststellt, sei dringend zur Umkehr aufgerufen. Mit weniger als Heiligkeit fruchtet da nichts. Die angemessene \u201eSozialgestalt\u201c kommt dann schon von selbst.<\/p>\n","protected":false},"excerpt":{"rendered":"<p>&nbsp; Der Buchtitel von Marx\u2019 kleiner Schrift \u201eKirche\u00fcberlebt\u201c enth\u00e4lt Doppeldeutiges: Die Kirche wird auch die gegenw\u00e4rtige Krise \u00fcberleben, und: Sie ist \u00fcberlebt. &#8230; hei\u00dft es in der Rezension von Hubert Hecker.<\/p>\n","protected":false},"author":1,"featured_media":0,"comment_status":"open","ping_status":"open","sticky":false,"template":"","format":"standard","meta":{"jetpack_post_was_ever_published":false,"_jetpack_newsletter_access":"","_jetpack_dont_email_post_to_subs":false,"_jetpack_newsletter_tier_id":0,"_jetpack_memberships_contains_paywalled_content":false,"_jetpack_memberships_contains_paid_content":false,"footnotes":"","jetpack_publicize_message":"","jetpack_publicize_feature_enabled":true,"jetpack_social_post_already_shared":false,"jetpack_social_options":{"image_generator_settings":{"template":"highway","default_image_id":0,"font":"","enabled":false},"version":2}},"categories":[6],"tags":[],"class_list":["post-1591","post","type-post","status-publish","format-standard","hentry","category-kirche"],"jetpack_publicize_connections":[],"jetpack_featured_media_url":"","jetpack_sharing_enabled":true,"jetpack_shortlink":"https:\/\/wp.me\/pahMNU-pF","_links":{"self":[{"href":"https:\/\/b-logos.de\/index.php?rest_route=\/wp\/v2\/posts\/1591","targetHints":{"allow":["GET"]}}],"collection":[{"href":"https:\/\/b-logos.de\/index.php?rest_route=\/wp\/v2\/posts"}],"about":[{"href":"https:\/\/b-logos.de\/index.php?rest_route=\/wp\/v2\/types\/post"}],"author":[{"embeddable":true,"href":"https:\/\/b-logos.de\/index.php?rest_route=\/wp\/v2\/users\/1"}],"replies":[{"embeddable":true,"href":"https:\/\/b-logos.de\/index.php?rest_route=%2Fwp%2Fv2%2Fcomments&post=1591"}],"version-history":[{"count":3,"href":"https:\/\/b-logos.de\/index.php?rest_route=\/wp\/v2\/posts\/1591\/revisions"}],"predecessor-version":[{"id":1603,"href":"https:\/\/b-logos.de\/index.php?rest_route=\/wp\/v2\/posts\/1591\/revisions\/1603"}],"wp:attachment":[{"href":"https:\/\/b-logos.de\/index.php?rest_route=%2Fwp%2Fv2%2Fmedia&parent=1591"}],"wp:term":[{"taxonomy":"category","embeddable":true,"href":"https:\/\/b-logos.de\/index.php?rest_route=%2Fwp%2Fv2%2Fcategories&post=1591"},{"taxonomy":"post_tag","embeddable":true,"href":"https:\/\/b-logos.de\/index.php?rest_route=%2Fwp%2Fv2%2Ftags&post=1591"}],"curies":[{"name":"wp","href":"https:\/\/api.w.org\/{rel}","templated":true}]}}