{"id":1596,"date":"2016-06-16T18:44:34","date_gmt":"2016-06-16T18:44:34","guid":{"rendered":"http:\/\/b-logos.de\/?p=1596"},"modified":"2017-02-07T22:26:03","modified_gmt":"2017-02-07T22:26:03","slug":"strafrechtliche-ermittlungen-gegen-antonio-kardinal-canizares-eroeffnet","status":"publish","type":"post","link":"https:\/\/b-logos.de\/?p=1596","title":{"rendered":"Strafrechtliche Ermittlungen gegen Antonio Kardinal Ca\u00f1izares Llovera er\u00f6ffnet [UPDATE: eingestellt]"},"content":{"rendered":"<p>Der Erzbischof von Valencia hatte in einer Predigt vom 13.5.2016 die Gender-Ideologie und das \u201eSchwulen-Imperium\u201c kritisiert. Daraufhin hatten feministische Gruppen die Regierung zur strafrechtlichen Verfolgung des Kardinals aufgerufen, wie der <a href=\"http:\/\/www.catholicherald.co.uk\/news\/2016\/06\/07\/spanish-cardinal-reported-over-hate-crime\/\">Catholic Herald<\/a>\u00a0am 7.6. und in der Folge <a href=\"http:\/\/kath.net\/news\/55565\">kath.net in deutscher \u00dcbersetzung<\/a> heute berichtet hatten.<!--more--><\/p>\n<p><a href=\"http:\/\/infovaticana.com\/2016\/06\/16\/muestras-apoyo-canizares-ante-acoso-del-lobby-gay\/\">Infovaticana berichtet<\/a> heute, dass die Provinzstaatsanwaltschaft von Valencia unter dem Druck der Homosexuellen-Lobbygruppe Lambda strafrechtliche Ermittlungen gegen den Kardinal aufgenommen hat. Die zust\u00e4ndige Staatsanw\u00e4ltin f\u00fcr Hassverbrechen wird nun untersuchen, ob sich\u00a0Ca\u00f1izares der Anstachelung zum Hass schuldig gemacht hat.<\/p>\n<p>Nach Artikel 510 des Spanischen Strafgesetzbuches werden <em>Verbreitung von oder Anstiftung zu Diskriminierung, Hass oder Gewalt<\/em> mit Freiheitsstrafe zwischen 1 und 4 Monaten und mit Geldstrafe zwischen 6 und 12 Monatss\u00e4tzen bestraft.<\/p>\n<p>Der Artikel 510 des Spanischen Strafgesetzbuches entspricht dem \u00a7 130 des deutschen Strafgesetzbuches (\u201eVolksverhetzung\u201c) bzw. dem \u00a7 283 des \u00f6sterreichischen StGb (\u201eVerhetzung\u201c) oder dem Art. 261 des schweizerischen StGb \u00a0(\u201eVerbrechen und Vergehen gegen den \u00f6ffentlichen Frieden\u201c). W\u00e4hrend in deutschsprachigen Staaten Bedingung f\u00fcr den Straftatbestand eine Gef\u00e4hrdung des \u00f6ffentlichen Friedens ist, ist dies in Spanien nicht der Fall. Letztere\u00a0Info wurde entnommen aus einer <a href=\"https:\/\/www.bundestag.de\/blob\/407962\/2a8eabb19952a8f2f815617bb25c1838\/wd-7-030-09-pdf-data.pdf\">Ausarbeitung des wissenschaftlichen Dienstes des Deutschen Bundestages<\/a>.<\/p>\n<p>[UPDATE]<\/p>\n<p>Wie Las Provincias am 14.9.2016 <a href=\"http:\/\/www.lasprovincias.es\/sociedad\/201609\/14\/audiencia-archiva-denuncia-contra-20160914113236.html\">berichtete<\/a>, wurden diese und andere\u00a0Klagen gegen den Kardinal vom Gericht in Valencia abgewiesen.<\/p>\n","protected":false},"excerpt":{"rendered":"<p>Der Erzbischof von Valencia hatte in einer Predigt vom 13.5.2016 die Gender-Ideologie und das \u201eSchwulen-Imperium\u201c kritisiert. Daraufhin hatten feministische Gruppen die Regierung zur strafrechtlichen Verfolgung des Kardinals aufgerufen, wie der Catholic Herald\u00a0am 7.6. und in der Folge kath.net in deutscher \u00dcbersetzung heute berichtet hatten.<\/p>\n","protected":false},"author":1,"featured_media":0,"comment_status":"open","ping_status":"open","sticky":false,"template":"","format":"standard","meta":{"jetpack_post_was_ever_published":false,"_jetpack_newsletter_access":"","_jetpack_dont_email_post_to_subs":false,"_jetpack_newsletter_tier_id":0,"_jetpack_memberships_contains_paywalled_content":false,"_jetpack_memberships_contains_paid_content":false,"footnotes":"","jetpack_publicize_message":"","jetpack_publicize_feature_enabled":true,"jetpack_social_post_already_shared":false,"jetpack_social_options":{"image_generator_settings":{"template":"highway","default_image_id":0,"font":"","enabled":false},"version":2}},"categories":[6],"tags":[],"class_list":["post-1596","post","type-post","status-publish","format-standard","hentry","category-kirche"],"jetpack_publicize_connections":[],"jetpack_featured_media_url":"","jetpack_sharing_enabled":true,"jetpack_shortlink":"https:\/\/wp.me\/pahMNU-pK","_links":{"self":[{"href":"https:\/\/b-logos.de\/index.php?rest_route=\/wp\/v2\/posts\/1596","targetHints":{"allow":["GET"]}}],"collection":[{"href":"https:\/\/b-logos.de\/index.php?rest_route=\/wp\/v2\/posts"}],"about":[{"href":"https:\/\/b-logos.de\/index.php?rest_route=\/wp\/v2\/types\/post"}],"author":[{"embeddable":true,"href":"https:\/\/b-logos.de\/index.php?rest_route=\/wp\/v2\/users\/1"}],"replies":[{"embeddable":true,"href":"https:\/\/b-logos.de\/index.php?rest_route=%2Fwp%2Fv2%2Fcomments&post=1596"}],"version-history":[{"count":6,"href":"https:\/\/b-logos.de\/index.php?rest_route=\/wp\/v2\/posts\/1596\/revisions"}],"predecessor-version":[{"id":1656,"href":"https:\/\/b-logos.de\/index.php?rest_route=\/wp\/v2\/posts\/1596\/revisions\/1656"}],"wp:attachment":[{"href":"https:\/\/b-logos.de\/index.php?rest_route=%2Fwp%2Fv2%2Fmedia&parent=1596"}],"wp:term":[{"taxonomy":"category","embeddable":true,"href":"https:\/\/b-logos.de\/index.php?rest_route=%2Fwp%2Fv2%2Fcategories&post=1596"},{"taxonomy":"post_tag","embeddable":true,"href":"https:\/\/b-logos.de\/index.php?rest_route=%2Fwp%2Fv2%2Ftags&post=1596"}],"curies":[{"name":"wp","href":"https:\/\/api.w.org\/{rel}","templated":true}]}}