{"id":1694,"date":"2017-07-20T00:06:50","date_gmt":"2017-07-20T00:06:50","guid":{"rendered":"http:\/\/b-logos.de\/?p=1694"},"modified":"2017-12-07T12:40:13","modified_gmt":"2017-12-07T12:40:13","slug":"das-gegenwaertige-kirchengeschichtliche-drama","status":"publish","type":"post","link":"https:\/\/b-logos.de\/?p=1694","title":{"rendered":"Das gegenw\u00e4rtige kirchengeschichtliche Drama"},"content":{"rendered":"<p>Kommentar zum Artikel\u00a0<a href=\"http:\/\/kath.net\/news\/60318\">Der \u00fcberforderte Papst<\/a>:<\/p>\n<p>Das gegenw\u00e4rtige kirchengeschichtliche Drama ist kaum zu verstehen; es scheint mir ein Mysterium, vergleichbar dem freiwilligen Gang des Herrn nach Jerusalem, den seine J\u00fcnger auch nicht verstanden. Vielleicht liegt das Verst\u00e4ndnis verborgen in jenem geheimnisvollen Schritt Benedikts, das Amt (ministerium) des Bischofs von Rom aufzugeben und den Bischofssitz (sedes) von Rom (auch genannt sedes Sancti Petri, also Stuhl des Hl. Petrus) zu verlassen, ohne dem Petrusamt (munus Petrinum) abzusagen.<!--more--> Siehe den <a href=\"http:\/\/de.radiovaticana.va\/storico\/2013\/02\/11\/papst_benedikt_xvi_tritt_zur%C3%BCck\/ted-663810\">Text der Verzichtserkl\u00e4rung<\/a>\u00a0und die Erl\u00e4uterungen von Erzbischof G\u00e4nswein \u00fcber den \u201e<a href=\"http:\/\/de.catholicnewsagency.com\/story\/der-jahrtausendschritt-von-papst-benedikt-0802\">Jahrtausendschritt<\/a>\u201c.<\/p>\n<p>Wenn wir von Benedikt lernen, zwischen Petrusamt und r\u00f6mischem Bischofssitz zu unterscheiden, k\u00f6nnen wir uns daran erinnern, dass ja das Petrusamt das fr\u00fchere und entscheidende ist (\u201e<a href=\"https:\/\/www.bibleserver.com\/text\/EU\/Matth%C3%A4us16%2C18-19\">Auf diesen Felsen&#8230;<\/a>\u201c), auch wenn dieses seit \u00fcber 1950 Jahren mit dem Bischofssitz von Rom verbunden ist. Wenn wir nun erleben, wie Franziskus sich einerseits der vollen Amtsgewalt des Bischofssitzes von Rom erfreut und von dieser ausgiebig Gebrauch macht, um die r\u00f6misch-katholische Kirche nach seinen Vorstellungen\u00a0von innerweltlicher Befriedung <a href=\"http:\/\/www.katholisches.info\/2017\/07\/franziskus-will-keine-uebergangspapst-sein-der-versuch-eine-unumkehrbare-kursaenderung-zu-verankern\/\">unumkehrbar\u00a0umzugestalten<\/a>, sich andererseits aber ungemein schwer tut, die Br\u00fcder zu st\u00e4rken, die Herde beieinander zu halten und zu lehren, alles zu halten, was der Herr aufgetragen hat (Frage: \u201eWer bin ich um zu urteilen?\u201c \u2013 Antwort: der Papst), dr\u00e4ngt sich mir die Frage auf: Ist etwa die Amtsgnade des petrinischen Amtes unteilbar und weiterhin auf Benedikt beschr\u00e4nkt, selbst wenn Franziskus rechtm\u00e4\u00dfiger Inhaber des Bischofssitzes von Rom und damit der h\u00f6chste Pontifex ist?<\/p>\n","protected":false},"excerpt":{"rendered":"<p>Kommentar zum Artikel\u00a0Der \u00fcberforderte Papst: Das gegenw\u00e4rtige kirchengeschichtliche Drama ist kaum zu verstehen; es scheint mir ein Mysterium, vergleichbar dem freiwilligen Gang des Herrn nach Jerusalem, den seine J\u00fcnger auch nicht verstanden. Vielleicht liegt das Verst\u00e4ndnis verborgen in jenem geheimnisvollen Schritt Benedikts, das Amt (ministerium) des Bischofs von Rom aufzugeben und den Bischofssitz (sedes) von &hellip; <a href=\"https:\/\/b-logos.de\/?p=1694\" class=\"more-link\"><span class=\"screen-reader-text\">\u201eDas gegenw\u00e4rtige kirchengeschichtliche Drama\u201c<\/span> weiterlesen<\/a><\/p>\n","protected":false},"author":1,"featured_media":0,"comment_status":"open","ping_status":"open","sticky":false,"template":"","format":"standard","meta":{"jetpack_post_was_ever_published":false,"_jetpack_newsletter_access":"","_jetpack_dont_email_post_to_subs":false,"_jetpack_newsletter_tier_id":0,"_jetpack_memberships_contains_paywalled_content":false,"_jetpack_memberships_contains_paid_content":false,"footnotes":"","jetpack_publicize_message":"","jetpack_publicize_feature_enabled":true,"jetpack_social_post_already_shared":false,"jetpack_social_options":{"image_generator_settings":{"template":"highway","default_image_id":0,"font":"","enabled":false},"version":2}},"categories":[6],"tags":[],"class_list":["post-1694","post","type-post","status-publish","format-standard","hentry","category-kirche"],"jetpack_publicize_connections":[],"jetpack_featured_media_url":"","jetpack_sharing_enabled":true,"jetpack_shortlink":"https:\/\/wp.me\/pahMNU-rk","_links":{"self":[{"href":"https:\/\/b-logos.de\/index.php?rest_route=\/wp\/v2\/posts\/1694","targetHints":{"allow":["GET"]}}],"collection":[{"href":"https:\/\/b-logos.de\/index.php?rest_route=\/wp\/v2\/posts"}],"about":[{"href":"https:\/\/b-logos.de\/index.php?rest_route=\/wp\/v2\/types\/post"}],"author":[{"embeddable":true,"href":"https:\/\/b-logos.de\/index.php?rest_route=\/wp\/v2\/users\/1"}],"replies":[{"embeddable":true,"href":"https:\/\/b-logos.de\/index.php?rest_route=%2Fwp%2Fv2%2Fcomments&post=1694"}],"version-history":[{"count":4,"href":"https:\/\/b-logos.de\/index.php?rest_route=\/wp\/v2\/posts\/1694\/revisions"}],"predecessor-version":[{"id":1729,"href":"https:\/\/b-logos.de\/index.php?rest_route=\/wp\/v2\/posts\/1694\/revisions\/1729"}],"wp:attachment":[{"href":"https:\/\/b-logos.de\/index.php?rest_route=%2Fwp%2Fv2%2Fmedia&parent=1694"}],"wp:term":[{"taxonomy":"category","embeddable":true,"href":"https:\/\/b-logos.de\/index.php?rest_route=%2Fwp%2Fv2%2Fcategories&post=1694"},{"taxonomy":"post_tag","embeddable":true,"href":"https:\/\/b-logos.de\/index.php?rest_route=%2Fwp%2Fv2%2Ftags&post=1694"}],"curies":[{"name":"wp","href":"https:\/\/api.w.org\/{rel}","templated":true}]}}