{"id":311,"date":"2011-08-17T00:06:43","date_gmt":"2011-08-16T22:06:43","guid":{"rendered":"http:\/\/b-logos.de\/?p=311"},"modified":"2011-08-25T01:07:35","modified_gmt":"2011-08-24T23:07:35","slug":"wjt-bedenkentrager-und-gegner-peinlich","status":"publish","type":"post","link":"https:\/\/b-logos.de\/?p=311","title":{"rendered":"WJT: Bedenkentr\u00e4ger und Gegner &#8211; peinlich!"},"content":{"rendered":"<p>Herrlich, die Schlagzeile von <a href=\"http:\/\/zeitfragen.at\/\">zeitfragen.at<\/a>:<\/p>\n<h3><a title=\"Permanentlink zu Skandal \u2013 kein Stuhlkreis in Madrid!\" href=\"http:\/\/zeitfragen.at\/skandal-kein-stuhlkreis-in-madrid\/255\" rel=\"bookmark\">Skandal \u2013 kein Stuhlkreis in Madrid!<\/a><\/h3>\n<p>Und damit man es auch glaubt, liefert Turmfalke auch gleich den Link auf die Entt\u00e4uschungen des bedenkentragenden Kirchenreporters (&#8222;Kritische Auseinandersetzungen mit dem Thema Kirche spielen dabei eine untergeordnete Rolle.&#8220;)<\/p>\n<p>Die Gegner des WJT &#8211; angeblich v. a. Homosexuelle und Abtreibungsbef\u00fcrworter &#8211; , <!--more-->die eigentlich gegen die Verwendung von Steuergeldern f\u00fcr den &#8222;Papstbesuch&#8220; demonstrieren wollten, mussten feststellen, dass der WJT den spanischen Steuerzahler keinen Cent kostet. Kurzerhand wird jetzt der Grund der Entr\u00fcstung ausgetauscht:<\/p>\n<ul>\n<li>Die Zurf\u00fcgungstellung von Sporthallen bringe erhebliche Kosten mit sich! [Man denke nur an die immensen Heizkosten bei 35\u00b0 im Schatten]<\/li>\n<li>Die Fahrpreise im \u00f6ffentlichen Verkehr w\u00fcrden reduziert! [1 Mio zus\u00e4tzliche trotzdem noch zahlende Fahrg\u00e4ste f\u00fchren ja nicht nur zu einer erh\u00f6hten Rentabilit\u00e4t der vorhandenen Infrastruktur, sondern auch zu einer \u00fcberproprtional verst\u00e4rkten Abnutzung der Linienbusreifen]<\/li>\n<li>Die 15 Millionen \u20ac Spenden f\u00fcr den WJT mindern das Steueraufkommen! [Dagegen machen sich die erwarteten 100 Mio. zus\u00e4tzliche Gewinne f\u00fcr die spanische Wirtschaft geradezu d\u00fcrftig aus.]<\/li>\n<\/ul>\n<p>Quelle <a href=\"http:\/\/religion.orf.at\/projekt03\/news\/1108\/ne110816_wjt_protest_fr.htm\">hier<\/a><\/p>\n","protected":false},"excerpt":{"rendered":"<p>Herrlich, die Schlagzeile von zeitfragen.at: Skandal \u2013 kein Stuhlkreis in Madrid! Und damit man es auch glaubt, liefert Turmfalke auch gleich den Link auf die Entt\u00e4uschungen des bedenkentragenden Kirchenreporters (&#8222;Kritische Auseinandersetzungen mit dem Thema Kirche spielen dabei eine untergeordnete Rolle.&#8220;) Die Gegner des WJT &#8211; angeblich v. a. Homosexuelle und Abtreibungsbef\u00fcrworter &#8211; ,<\/p>\n","protected":false},"author":1,"featured_media":0,"comment_status":"open","ping_status":"open","sticky":false,"template":"","format":"standard","meta":{"jetpack_post_was_ever_published":false,"_jetpack_newsletter_access":"","_jetpack_dont_email_post_to_subs":false,"_jetpack_newsletter_tier_id":0,"_jetpack_memberships_contains_paywalled_content":false,"_jetpack_memberships_contains_paid_content":false,"footnotes":"","jetpack_publicize_message":"","jetpack_publicize_feature_enabled":true,"jetpack_social_post_already_shared":false,"jetpack_social_options":{"image_generator_settings":{"template":"highway","default_image_id":0,"font":"","enabled":false},"version":2}},"categories":[],"tags":[],"class_list":["post-311","post","type-post","status-publish","format-standard","hentry"],"jetpack_publicize_connections":[],"jetpack_featured_media_url":"","jetpack_sharing_enabled":true,"jetpack_shortlink":"https:\/\/wp.me\/pahMNU-51","_links":{"self":[{"href":"https:\/\/b-logos.de\/index.php?rest_route=\/wp\/v2\/posts\/311","targetHints":{"allow":["GET"]}}],"collection":[{"href":"https:\/\/b-logos.de\/index.php?rest_route=\/wp\/v2\/posts"}],"about":[{"href":"https:\/\/b-logos.de\/index.php?rest_route=\/wp\/v2\/types\/post"}],"author":[{"embeddable":true,"href":"https:\/\/b-logos.de\/index.php?rest_route=\/wp\/v2\/users\/1"}],"replies":[{"embeddable":true,"href":"https:\/\/b-logos.de\/index.php?rest_route=%2Fwp%2Fv2%2Fcomments&post=311"}],"version-history":[{"count":9,"href":"https:\/\/b-logos.de\/index.php?rest_route=\/wp\/v2\/posts\/311\/revisions"}],"predecessor-version":[{"id":316,"href":"https:\/\/b-logos.de\/index.php?rest_route=\/wp\/v2\/posts\/311\/revisions\/316"}],"wp:attachment":[{"href":"https:\/\/b-logos.de\/index.php?rest_route=%2Fwp%2Fv2%2Fmedia&parent=311"}],"wp:term":[{"taxonomy":"category","embeddable":true,"href":"https:\/\/b-logos.de\/index.php?rest_route=%2Fwp%2Fv2%2Fcategories&post=311"},{"taxonomy":"post_tag","embeddable":true,"href":"https:\/\/b-logos.de\/index.php?rest_route=%2Fwp%2Fv2%2Ftags&post=311"}],"curies":[{"name":"wp","href":"https:\/\/api.w.org\/{rel}","templated":true}]}}