{"id":355,"date":"2011-08-24T23:42:04","date_gmt":"2011-08-24T21:42:04","guid":{"rendered":"http:\/\/b-logos.de\/?p=355"},"modified":"2011-08-26T10:34:27","modified_gmt":"2011-08-26T08:34:27","slug":"priesterschwemme-in-europa","status":"publish","type":"post","link":"https:\/\/b-logos.de\/?p=355","title":{"rendered":"Priesterschwemme in Europa"},"content":{"rendered":"<p>Habe mir heute mal die Statistischen Jahrb\u00fccher der katholischen Kirche von <a title=\"Statistisches Jahrbuch 2009\" href=\"http:\/\/www.fides.org\/deu\/documents\/STATISTICHE_GMM_2009_ted.doc\">2009<\/a> und <a title=\"Statistisches Jahrbuch 2010\" href=\"http:\/\/www.fides.org\/deu\/documents\/STATISTICHE_GMM_2010_ted_ok.doc\">2010<\/a> angeschaut. Dabei habe ich nicht nur auf die Ver\u00e4nderungen, sondern auch auf die Ver\u00e4nderungen der Ver\u00e4nderungen geachtet. Das Ergebnis:<!--more--><\/p>\n<ul>\n<li>Die H\u00e4lfte aller Katholiken lebt in Amerika, ein Viertel in Europa und Ozeanien, ein Viertel in Afrika und Asien.<\/li>\n<li>Die Bev\u00f6lkerung sowie die Katholikenzahl ist auf allen Kontinenten angestiegen, im Schnitt die Bev\u00f6lkerung um 1,2%, die Katholikenzahl um 1,7%. Das Bev\u00f6lkerungswachstum der Erde hat sich im Vergleich zum Vorjahr um 9% beschleunigt, das Katholikenwachstum dagegen um 20%.<\/li>\n<li>Nach Kontinenten: der Anteil der Katholiken zeigt in Afrika eine h\u00f6here, in Amerika und Asien sogar eine doppelt so gro\u00dfe Wachstumsrate wie die Bev\u00f6lkerung, in Europa und Ozeanien eine geringere. In Amerika hat sich die Wachstumsrate der Katholiken am st\u00e4rksten erh\u00f6ht &#8211; bei Verlangsamung des Bev\u00f6lkerungswachstums, in Europa ist das Wachstum weitgehend zum Erliegen gekommen.<\/li>\n<li>Die Zahl der Priester nimmt weltweit zu, allerdings auf keinem Kontinent so schnell wie die Zahl der Katholiken. Der einzige Kontinent, auf dem die Zahl der Priester r\u00fcckl\u00e4ufig ist, ist Europa, allerdings von einem sehr hohen Niveau aus. Dies wird von den anderen Kontinenten mehr als wettgemacht, 2010 nochmal 50% besser als 2009. In den letzten 2 Jahren kamen 40-50% des Netto-Welt-Priesterzuwachses aus Asien (vgl. mein Artikel <a title=\"Ex oriente lux\" href=\"https:\/\/b-logos.de\/?p=246\">Ex oriente lux<\/a>), 30-40% aus Afrika.<\/li>\n<li>Weltweit kommen ca. 2800 Katholiken auf einen Priester, in Europa nur fast halb so viel, in Afrika und Amerika fast doppelt so viel.<\/li>\n<\/ul>\n<p>Wollte man f\u00fcr eine gleichm\u00e4\u00dfige Versorgung aller Katholiken der Erde mit Priestern sorgen, m\u00fcsste man fast die H\u00e4lfte der Priester aus Europa abziehen und in Amerika und Afrika einsetzen. Daher die \u00dcberschrift: Priesterschwemme in Europa.<\/p>\n<p>In keinem anderen Kontinent muss ein Priester so wenige Katholiken betreuen oder Menschen das Evangelium bringen wie in Europa.<\/p>\n","protected":false},"excerpt":{"rendered":"<p>Habe mir heute mal die Statistischen Jahrb\u00fccher der katholischen Kirche von 2009 und 2010 angeschaut. Dabei habe ich nicht nur auf die Ver\u00e4nderungen, sondern auch auf die Ver\u00e4nderungen der Ver\u00e4nderungen geachtet. Das Ergebnis:<\/p>\n","protected":false},"author":1,"featured_media":0,"comment_status":"open","ping_status":"open","sticky":false,"template":"","format":"standard","meta":{"jetpack_post_was_ever_published":false,"_jetpack_newsletter_access":"","_jetpack_dont_email_post_to_subs":false,"_jetpack_newsletter_tier_id":0,"_jetpack_memberships_contains_paywalled_content":false,"_jetpack_memberships_contains_paid_content":false,"footnotes":"","jetpack_publicize_message":"","jetpack_publicize_feature_enabled":true,"jetpack_social_post_already_shared":false,"jetpack_social_options":{"image_generator_settings":{"template":"highway","default_image_id":0,"font":"","enabled":false},"version":2}},"categories":[],"tags":[],"class_list":["post-355","post","type-post","status-publish","format-standard","hentry"],"jetpack_publicize_connections":[],"jetpack_featured_media_url":"","jetpack_sharing_enabled":true,"jetpack_shortlink":"https:\/\/wp.me\/pahMNU-5J","_links":{"self":[{"href":"https:\/\/b-logos.de\/index.php?rest_route=\/wp\/v2\/posts\/355","targetHints":{"allow":["GET"]}}],"collection":[{"href":"https:\/\/b-logos.de\/index.php?rest_route=\/wp\/v2\/posts"}],"about":[{"href":"https:\/\/b-logos.de\/index.php?rest_route=\/wp\/v2\/types\/post"}],"author":[{"embeddable":true,"href":"https:\/\/b-logos.de\/index.php?rest_route=\/wp\/v2\/users\/1"}],"replies":[{"embeddable":true,"href":"https:\/\/b-logos.de\/index.php?rest_route=%2Fwp%2Fv2%2Fcomments&post=355"}],"version-history":[{"count":5,"href":"https:\/\/b-logos.de\/index.php?rest_route=\/wp\/v2\/posts\/355\/revisions"}],"predecessor-version":[{"id":358,"href":"https:\/\/b-logos.de\/index.php?rest_route=\/wp\/v2\/posts\/355\/revisions\/358"}],"wp:attachment":[{"href":"https:\/\/b-logos.de\/index.php?rest_route=%2Fwp%2Fv2%2Fmedia&parent=355"}],"wp:term":[{"taxonomy":"category","embeddable":true,"href":"https:\/\/b-logos.de\/index.php?rest_route=%2Fwp%2Fv2%2Fcategories&post=355"},{"taxonomy":"post_tag","embeddable":true,"href":"https:\/\/b-logos.de\/index.php?rest_route=%2Fwp%2Fv2%2Ftags&post=355"}],"curies":[{"name":"wp","href":"https:\/\/api.w.org\/{rel}","templated":true}]}}