{"id":482,"date":"2011-11-06T21:50:43","date_gmt":"2011-11-06T19:50:43","guid":{"rendered":"http:\/\/b-logos.de\/?p=482"},"modified":"2011-11-06T21:52:16","modified_gmt":"2011-11-06T19:52:16","slug":"der-letzte-macht-das-licht-aus-ergebnisse-der-pfarrgemeinderatswahlen-in-mainz","status":"publish","type":"post","link":"https:\/\/b-logos.de\/?p=482","title":{"rendered":"Der Letzte macht das Licht aus &#8211; Ergebnisse der Pfarrgemeinderatswahlen in Mainz"},"content":{"rendered":"<p>Der auf der Webseite des Bistums Mainz ver\u00f6ffentlichte <a title=\"Ermutigendes Signal: zum Ergebnis der PGR-Wahlen\" href=\"http:\/\/www.bistummainz.de\/bistum\/aktuell\/nachrichten.html?f_action=show&amp;f_newsitem_id=27078\">Gastkommentar<\/a> von Kardinal Lehmann in der Kirchenzeitung \u201eGlaube und Leben\u201c zum <a title=\"Wahlbeteiligung leicht zur\u00fcckgegangen\" href=\"http:\/\/www.bistummainz.de\/bistum\/aktuell\/nachrichten.html?f_action=show&amp;f_newsitem_id=26977\">Ergebnis der Pfarrgemeinderatswahlen<\/a> im Bistum Mainz tr\u00e4gt doch tats\u00e4chlich die \u00dcberschrift \u201eErmutigendes Signal: zum Ergebnis der PGR-Wahlen\u201c.<!--more--><\/p>\n<p>W\u00f6rtlich schreibt Kardinal Lehmann:<\/p>\n<blockquote><p>Was mich am meisten freut, ist die sicher noch zu verbessernde, aber auch bei geringf\u00fcgigem Schwund relativ konstante Wahlbeteiligung. Dies ist gerade in der jetzigen Situation nicht selbstverst\u00e4ndlich. Im gesellschaftlich-politischen Bereich geht die Wahlbeteiligung seit Jahren bedenklich zur\u00fcck. Man hat auch bef\u00fcrchtet, dass die krisenhaften Ereignisse der letzten Jahre in der Kirche zu mehr Desinteresse f\u00fchren w\u00fcrden. Heute d\u00fcrfen wir dankbar feststellen, dass dies alles &#8211; jedenfalls bei den Wahlen &#8211; keine gr\u00f6\u00dferen Spuren hinterlassen hat.<\/p><\/blockquote>\n<p>Er endet mit den Worten:<\/p>\n<blockquote><p>Insgesamt sind die Wahlen ein verl\u00e4ssliches Zeichen der Hoffnung und der Treue zur Kirche. Dies kann allen Mut geben.<\/p><\/blockquote>\n<p>Schon nach der Wahl 2007 <a title=\"Leichter R\u00fcckgang bei Pfarrgemeinderatswahlen\" href=\"http:\/\/www.bistummainz.de\/bistum\/bistum\/ordinariat\/dezernate\/dezernat_z\/pressestelle\/mbn\/mbn_2007\/mbn_071114.html#1\">hie\u00df es<\/a>:<\/p>\n<blockquote><p>Trotz eines leichten R\u00fcckgangs bei der Wahlbeteiligung hat sich der Bischof von Mainz, Kardinal Karl Lehmann, zufrieden mit den Ergebnissen der Pfarrgemeinderatswahlen im Bistum Mainz gezeigt.<\/p><\/blockquote>\n<p>Nachdem mir diese optimistische Sicht spontan etwas fragw\u00fcrdig vorkam, habe ich die auf der Webseite des Bistums Mainz zug\u00e4nglichen Zahlen zusammengestellt und graphisch aufbereitet. Dabei musste ich die Wahlberechtigten und W\u00e4hler der Jahre 1999 und 2003 aufgrund des Trends der letzten 2 PGR-Wahlen sch\u00e4tzen, ebenso die Wahlbeteiligung des Jahres 1999, da diese Zahlen auf der Webseite nicht zug\u00e4nglich sind.<\/p>\n<div class=\"mceTemp mceIEcenter\">\n<dl id=\"attachment_485\" class=\"wp-caption aligncenter\" style=\"width: 1272px;\">\n<dt class=\"wp-caption-dt\"><a href=\"https:\/\/b-logos.de\/wp-content\/uploads\/2011\/11\/Wahlverhalten.jpg\"><img loading=\"lazy\" decoding=\"async\" class=\"size-full wp-image-485\" title=\"Wahlverhalten\" src=\"https:\/\/b-logos.de\/wp-content\/uploads\/2011\/11\/Wahlverhalten.jpg\" alt=\"Wahlverhalten bei der Pfarrgemeinderatswahl im Bistum Mainz\" width=\"1262\" height=\"787\" srcset=\"https:\/\/b-logos.de\/wp-content\/uploads\/2011\/11\/Wahlverhalten.jpg 1262w, https:\/\/b-logos.de\/wp-content\/uploads\/2011\/11\/Wahlverhalten-300x187.jpg 300w, https:\/\/b-logos.de\/wp-content\/uploads\/2011\/11\/Wahlverhalten-1024x638.jpg 1024w\" sizes=\"auto, (max-width: 709px) 85vw, (max-width: 909px) 67vw, (max-width: 1362px) 62vw, 840px\" \/><\/a><\/dt>\n<\/dl>\n<\/div>\n<p>Der in den Bistumsnachrichten hervorgehobene prozentuale Anstieg der Briefw\u00e4hler ist bei Umrechnung in die absoluten Zahlen zu vernachl\u00e4ssigen, da die Zahl der W\u00e4hler insgesamt im gleichen Ma\u00df gesunken ist. Was dagegen in meinen Augen wesentlich bedeutender ist, ist die starke Abnahme jener W\u00e4hler, die ihre Stimme pers\u00f6nlich im Wahllokal, also in der Regel vor oder nach dem Messbesuch abgaben. Doch zun\u00e4chst die gleiche Graphik, erg\u00e4nzt um eine Sch\u00e4tzung, die den gegenw\u00e4rtigen Trend f\u00fcr die n\u00e4chsten Jahre fortschreibt.<\/p>\n<p><a href=\"https:\/\/b-logos.de\/wp-content\/uploads\/2011\/11\/Wahlverhalten-Trend.jpg\"><img loading=\"lazy\" decoding=\"async\" class=\"aligncenter size-full wp-image-486\" title=\"Wahlverhalten Trend\" src=\"https:\/\/b-logos.de\/wp-content\/uploads\/2011\/11\/Wahlverhalten-Trend.jpg\" alt=\"\" width=\"1260\" height=\"786\" srcset=\"https:\/\/b-logos.de\/wp-content\/uploads\/2011\/11\/Wahlverhalten-Trend.jpg 1260w, https:\/\/b-logos.de\/wp-content\/uploads\/2011\/11\/Wahlverhalten-Trend-300x187.jpg 300w, https:\/\/b-logos.de\/wp-content\/uploads\/2011\/11\/Wahlverhalten-Trend-1024x638.jpg 1024w\" sizes=\"auto, (max-width: 709px) 85vw, (max-width: 909px) 67vw, (max-width: 1362px) 62vw, 840px\" \/><\/a><\/p>\n<p>Brisant wird die Statistik, wenn man davon ausgeht, das das unterschiedliche Wahlverhalten auch eine unterschiedliche Kirchenbindung repr\u00e4sentiert.<\/p>\n<ul>\n<li>So werden unter den Nichtw\u00e4hlern am ehesten jene Katholiken zu finden sein, die zwar noch die Dienste der Kirche zu den Lebenswenden (Begr\u00e4bnis, Hochzeit, Taufe, Erstkommunion) in Anspruch nehmen, vielleicht auch noch zu Weihnachten eine Krippenfeier besuchen, ansonsten aber die Sonntagspflicht nicht achten und am Leben der Pfarrgemeinde nicht teilhaben.<\/li>\n<li>Dagegen sind unter den pers\u00f6nlich anwesend W\u00e4hlenden am ehesten jene Gl\u00e4ubigen zu finden, die regelm\u00e4\u00dfig die Sonntagsmesse besuchen und aktiv das Gemeindeleben tragen.<\/li>\n<li>Die Briefw\u00e4hler stellen jene Katholiken dar, die eine h\u00f6here Kirchenbindung als die Nichtw\u00e4hler aufweisen, aber wegen Gebrechlichkeit oder aus anderen Gr\u00fcnden ihre Wahl nicht mit einem Kirchenbesuch verbinden.<\/li>\n<\/ul>\n<p>Was mich stark beunruhigt, ist die Tatsache, dass bei Annahme eines sich fortsetzenden Trends schon in 13 Jahren der Anteil der pers\u00f6nlich die Stimme Abgebenden v\u00f6llig abgeschmolzen sein wird. Hier ist noch einmal die Zahl der anwesend W\u00e4hlenden herausgegriffen dargestellt:<\/p>\n<p><a href=\"https:\/\/b-logos.de\/wp-content\/uploads\/2011\/11\/Trend-anwesender-W%C3%A4hler.jpg\"><img loading=\"lazy\" decoding=\"async\" class=\"aligncenter size-full wp-image-490\" title=\"Trend anwesender W\u00e4hler\" src=\"https:\/\/b-logos.de\/wp-content\/uploads\/2011\/11\/Trend-anwesender-W%C3%A4hler.jpg\" alt=\"\" width=\"1262\" height=\"786\" \/><\/a>Ergebnis dieser Analyse:<\/p>\n<p>Das Leben der sich in der Sonntagsmesse versammelnden, aus gl\u00e4ubigen und ehrenamtlich aktiven Mitgliedern bestehenden Gemeinden wird in den n\u00e4chsten Jahren v\u00f6llig zusammenbrechen. Damit wird der jetzt schon sp\u00e4rliche Priesternachwuchs vollends verschwinden. Den noch vorhandenen Priestern wird die wenig befriedigende Aufgabe bleiben, Dienste lediglich f\u00fcr solche Menschen zu erbringen, denen die Gebote Gottes und der Glaube der Kirche wenig bedeuten. Das Konzept einer Kirche, die aus immer noch verh\u00e4ltnism\u00e4\u00dfig reichhaltig flie\u00dfenden Steuermitteln <a title=\"Alternatives Angebot der Kirche zur Jugendweihe\" href=\"http:\/\/www.halleforum.de\/go\/20988\">zu den Lebenswenden (religi\u00f6se) Dienste durch bezahlte Mitarbeiter<\/a> bietet, wird dagegen noch viele Jahrzehnte durchhalten.<\/p>\n<p>Oder anders ausgedr\u00fcckt: Die Kirche von Mainz als soziologisches Gebilde schmilzt nicht so sehr von den R\u00e4ndern her. Der lebendige Kern stirbt ab, die Institution bleibt vorl\u00e4ufig noch.<\/p>\n<p>Der Letzte macht das Licht aus. In 13 Jahren.<\/p>\n","protected":false},"excerpt":{"rendered":"<p>Der auf der Webseite des Bistums Mainz ver\u00f6ffentlichte Gastkommentar von Kardinal Lehmann in der Kirchenzeitung \u201eGlaube und Leben\u201c zum Ergebnis der Pfarrgemeinderatswahlen im Bistum Mainz tr\u00e4gt doch tats\u00e4chlich die \u00dcberschrift \u201eErmutigendes Signal: zum Ergebnis der PGR-Wahlen\u201c.<\/p>\n","protected":false},"author":1,"featured_media":0,"comment_status":"open","ping_status":"open","sticky":false,"template":"","format":"standard","meta":{"jetpack_post_was_ever_published":false,"_jetpack_newsletter_access":"","_jetpack_dont_email_post_to_subs":false,"_jetpack_newsletter_tier_id":0,"_jetpack_memberships_contains_paywalled_content":false,"_jetpack_memberships_contains_paid_content":false,"footnotes":"","jetpack_publicize_message":"","jetpack_publicize_feature_enabled":true,"jetpack_social_post_already_shared":false,"jetpack_social_options":{"image_generator_settings":{"template":"highway","default_image_id":0,"font":"","enabled":false},"version":2}},"categories":[],"tags":[],"class_list":["post-482","post","type-post","status-publish","format-standard","hentry"],"jetpack_publicize_connections":[],"jetpack_featured_media_url":"","jetpack_sharing_enabled":true,"jetpack_shortlink":"https:\/\/wp.me\/pahMNU-7M","_links":{"self":[{"href":"https:\/\/b-logos.de\/index.php?rest_route=\/wp\/v2\/posts\/482","targetHints":{"allow":["GET"]}}],"collection":[{"href":"https:\/\/b-logos.de\/index.php?rest_route=\/wp\/v2\/posts"}],"about":[{"href":"https:\/\/b-logos.de\/index.php?rest_route=\/wp\/v2\/types\/post"}],"author":[{"embeddable":true,"href":"https:\/\/b-logos.de\/index.php?rest_route=\/wp\/v2\/users\/1"}],"replies":[{"embeddable":true,"href":"https:\/\/b-logos.de\/index.php?rest_route=%2Fwp%2Fv2%2Fcomments&post=482"}],"version-history":[{"count":6,"href":"https:\/\/b-logos.de\/index.php?rest_route=\/wp\/v2\/posts\/482\/revisions"}],"predecessor-version":[{"id":493,"href":"https:\/\/b-logos.de\/index.php?rest_route=\/wp\/v2\/posts\/482\/revisions\/493"}],"wp:attachment":[{"href":"https:\/\/b-logos.de\/index.php?rest_route=%2Fwp%2Fv2%2Fmedia&parent=482"}],"wp:term":[{"taxonomy":"category","embeddable":true,"href":"https:\/\/b-logos.de\/index.php?rest_route=%2Fwp%2Fv2%2Fcategories&post=482"},{"taxonomy":"post_tag","embeddable":true,"href":"https:\/\/b-logos.de\/index.php?rest_route=%2Fwp%2Fv2%2Ftags&post=482"}],"curies":[{"name":"wp","href":"https:\/\/api.w.org\/{rel}","templated":true}]}}